{"id":22083,"date":"2025-06-02T11:22:44","date_gmt":"2025-06-02T11:22:44","guid":{"rendered":"https:\/\/oralhistorykosovo.org\/azem-vllasi\/"},"modified":"2025-06-02T11:31:21","modified_gmt":"2025-06-02T11:31:21","slug":"azem-vllasi","status":"publish","type":"post","link":"https:\/\/oralhistorykosovo.org\/tr\/azem-vllasi\/","title":{"rendered":"Azem Vllasi"},"content":{"rendered":"<p>Azem Vllasi 23 Aral\u0131k 1948\u2019de Kamenica\u2019n\u0131n Rubovc kentinde do\u011fdu. Vllasi, Pri\u015ftine \u00dcniversitesi Hukuk Fak\u00fcltesi\u2019nden mezun oldu. 1974-1978 d\u00f6neminde Yugoslavya Sosyalist Gen\u00e7lik Birli\u011fi\u2019nin ba\u015fkan\u0131yd\u0131. Bu arada, May\u0131s 1986\u2019da Kosova Kom\u00fcnistler Birli\u011fi ba\u015fkanl\u0131\u011f\u0131na se\u00e7ildi ve bu g\u00f6revi 1988 sonbahar\u0131na kadar s\u00fcrd\u00fcrd\u00fc. Vllasi daha sonra \u00f6nemli Kosoval\u0131 politikac\u0131lara avukat ve siyasi dan\u0131\u015fman olarak \u00e7al\u0131\u015ft\u0131. 2005\u2019te zaman\u0131n Kosova Ba\u015fbakan\u0131 Bajram Kosumi\u2019nin ve daha sonra Agim Ceku\u2019nun dan\u0131\u015fman\u0131 oldu. Vllasi gazeteci Nadira Avdi\u0107 \u2013 Vllasi ile evli ve iki \u00e7ocuk babas\u0131d\u0131r.<\/p>\n","protected":false},"excerpt":{"rendered":"<p>Azem Vllasi 23 Aral\u0131k 1948\u2019de Kamenica\u2019n\u0131n Rubovc kentinde do\u011fdu. Vllasi, Pri\u015ftine \u00dcniversitesi Hukuk Fak\u00fcltesi\u2019nden mezun oldu. 1974-1978 d\u00f6neminde Yugoslavya Sosyalist&#8230;<\/p>\n","protected":false},"author":1,"featured_media":22087,"comment_status":"open","ping_status":"open","sticky":false,"template":"","format":"standard","meta":{"footnotes":""},"categories":[72],"tags":[],"class_list":["post-22083","post","type-post","status-publish","format-standard","has-post-thumbnail","hentry","category-roportajlar"],"_links":{"self":[{"href":"https:\/\/oralhistorykosovo.org\/tr\/wp-json\/wp\/v2\/posts\/22083","targetHints":{"allow":["GET"]}}],"collection":[{"href":"https:\/\/oralhistorykosovo.org\/tr\/wp-json\/wp\/v2\/posts"}],"about":[{"href":"https:\/\/oralhistorykosovo.org\/tr\/wp-json\/wp\/v2\/types\/post"}],"author":[{"embeddable":true,"href":"https:\/\/oralhistorykosovo.org\/tr\/wp-json\/wp\/v2\/users\/1"}],"replies":[{"embeddable":true,"href":"https:\/\/oralhistorykosovo.org\/tr\/wp-json\/wp\/v2\/comments?post=22083"}],"version-history":[{"count":2,"href":"https:\/\/oralhistorykosovo.org\/tr\/wp-json\/wp\/v2\/posts\/22083\/revisions"}],"predecessor-version":[{"id":22097,"href":"https:\/\/oralhistorykosovo.org\/tr\/wp-json\/wp\/v2\/posts\/22083\/revisions\/22097"}],"wp:featuredmedia":[{"embeddable":true,"href":"https:\/\/oralhistorykosovo.org\/tr\/wp-json\/wp\/v2\/media\/22087"}],"wp:attachment":[{"href":"https:\/\/oralhistorykosovo.org\/tr\/wp-json\/wp\/v2\/media?parent=22083"}],"wp:term":[{"taxonomy":"category","embeddable":true,"href":"https:\/\/oralhistorykosovo.org\/tr\/wp-json\/wp\/v2\/categories?post=22083"},{"taxonomy":"post_tag","embeddable":true,"href":"https:\/\/oralhistorykosovo.org\/tr\/wp-json\/wp\/v2\/tags?post=22083"}],"curies":[{"name":"wp","href":"https:\/\/api.w.org\/{rel}","templated":true}]}}