{"id":21384,"date":"2019-09-27T10:56:10","date_gmt":"2019-09-27T10:56:10","guid":{"rendered":"https:\/\/oralhistorykosovo.org\/dragutin-ivanovic\/"},"modified":"2025-06-05T10:15:22","modified_gmt":"2025-06-05T10:15:22","slug":"dragutin-ivanovic","status":"publish","type":"post","link":"https:\/\/oralhistorykosovo.org\/tr\/dragutin-ivanovic\/","title":{"rendered":"Dragutin Ivanovi\u0107"},"content":{"rendered":"<p style=\"text-align: justify;\"><span style=\"font-weight: 400;\">Dragutin Ivanovi\u0107 1 Eyl\u00fcl 1950 y\u0131l\u0131nda, Yanova\u2019da do\u011fdu. 1968 y\u0131l\u0131nda Pri\u015ftine\u2019deki Y\u00fcksek Ekonomi Okulu\u2019nda mesleki e\u011fitim ald\u0131. Askerlik g\u00f6revinden sonra, 1970 y\u0131l\u0131nda Metalac fabrikas\u0131nda sat\u0131\u015f m\u00fcd\u00fcr\u00fc olarak ba\u015flayan \u00e7al\u0131\u015fmas\u0131n\u0131 1990 y\u0131l\u0131na kadar s\u00fcrd\u00fcrd\u00fc. 1990\u2019larda i\u015f dolay\u0131s\u0131yla Pri\u015ftine\u2019ye ta\u015f\u0131nd\u0131 ve Zagrep merkezli bir \u015firket olan Kemikalija\u2019da i\u015fe al\u0131nd\u0131. 1999\u2019dan sonra Bay Ivanovi\u0107, emekli olana kadar Yanova\u2019da bulunan Shtjef\u00ebn Gje\u00e7ovi \u0130lk okulunda, S\u0131rp-H\u0131rvat dil \u00f6\u011fretmeni olarak \u00e7al\u0131\u015ft\u0131.<\/span><\/p>\n","protected":false},"excerpt":{"rendered":"<p>Dragutin Ivanovi\u0107 1 Eyl\u00fcl 1950 y\u0131l\u0131nda, Yanova\u2019da do\u011fdu. 1968 y\u0131l\u0131nda Pri\u015ftine\u2019deki Y\u00fcksek Ekonomi Okulu\u2019nda mesleki e\u011fitim ald\u0131. Askerlik g\u00f6revinden sonra,&#8230;<\/p>\n","protected":false},"author":14,"featured_media":22226,"comment_status":"open","ping_status":"open","sticky":false,"template":"","format":"standard","meta":{"footnotes":""},"categories":[102,72],"tags":[],"class_list":["post-21384","post","type-post","status-publish","format-standard","has-post-thumbnail","hentry","category-janjvo-project","category-roportajlar"],"_links":{"self":[{"href":"https:\/\/oralhistorykosovo.org\/tr\/wp-json\/wp\/v2\/posts\/21384","targetHints":{"allow":["GET"]}}],"collection":[{"href":"https:\/\/oralhistorykosovo.org\/tr\/wp-json\/wp\/v2\/posts"}],"about":[{"href":"https:\/\/oralhistorykosovo.org\/tr\/wp-json\/wp\/v2\/types\/post"}],"author":[{"embeddable":true,"href":"https:\/\/oralhistorykosovo.org\/tr\/wp-json\/wp\/v2\/users\/14"}],"replies":[{"embeddable":true,"href":"https:\/\/oralhistorykosovo.org\/tr\/wp-json\/wp\/v2\/comments?post=21384"}],"version-history":[{"count":5,"href":"https:\/\/oralhistorykosovo.org\/tr\/wp-json\/wp\/v2\/posts\/21384\/revisions"}],"predecessor-version":[{"id":22259,"href":"https:\/\/oralhistorykosovo.org\/tr\/wp-json\/wp\/v2\/posts\/21384\/revisions\/22259"}],"wp:featuredmedia":[{"embeddable":true,"href":"https:\/\/oralhistorykosovo.org\/tr\/wp-json\/wp\/v2\/media\/22226"}],"wp:attachment":[{"href":"https:\/\/oralhistorykosovo.org\/tr\/wp-json\/wp\/v2\/media?parent=21384"}],"wp:term":[{"taxonomy":"category","embeddable":true,"href":"https:\/\/oralhistorykosovo.org\/tr\/wp-json\/wp\/v2\/categories?post=21384"},{"taxonomy":"post_tag","embeddable":true,"href":"https:\/\/oralhistorykosovo.org\/tr\/wp-json\/wp\/v2\/tags?post=21384"}],"curies":[{"name":"wp","href":"https:\/\/api.w.org\/{rel}","templated":true}]}}