{"id":15764,"date":"2019-06-21T10:54:14","date_gmt":"2019-06-21T10:54:14","guid":{"rendered":"http:\/\/oralhistorykosovo.org\/skender-boshnjaku\/"},"modified":"2025-06-05T11:04:08","modified_gmt":"2025-06-05T11:04:08","slug":"skender-boshnjaku","status":"publish","type":"post","link":"https:\/\/oralhistorykosovo.org\/tr\/skender-boshnjaku\/","title":{"rendered":"Skender Boshnjaku"},"content":{"rendered":"<p style=\"text-align: justify;\"><span style=\"font-weight: 400;\">Skender Boshnjaku 1942&#8217;de \u0130pek\u2019te do\u011fdu. Y\u00fcksek lisans ve doktora derecelerini psikiyatri dal\u0131nda S\u0131rbistan\u2019\u0131n Belgrad \u00dcniversitesi&#8217;nden ald\u0131. Mezun olduktan sonra Pri\u015ftine\u2019nin Psikiyatr\u0131 Klini\u011fi&#8217;nde neuropsikiyatrist olarak i\u015fe girdi ve emeklili\u011fine kadar orada \u00e7al\u0131\u015ft\u0131. Bug\u00fcn, Boshnjaku zaman\u0131n\u0131 okumakla, sanat hakk\u0131nda yazmakla ve \u015fehir grafitilerini yorumlamakla ge\u00e7iriyor. Ailesi ile birlikte, Pri\u015ftine&#8217;de ya\u015f\u0131yor.<\/span><\/p>\n","protected":false},"excerpt":{"rendered":"<p>Skender Boshnjaku 1942&#8217;de \u0130pek\u2019te do\u011fdu. Y\u00fcksek lisans ve doktora derecelerini psikiyatri dal\u0131nda S\u0131rbistan\u2019\u0131n Belgrad \u00dcniversitesi&#8217;nden ald\u0131. Mezun olduktan sonra Pri\u015ftine\u2019nin&#8230;<\/p>\n","protected":false},"author":14,"featured_media":22309,"comment_status":"open","ping_status":"open","sticky":false,"template":"","format":"standard","meta":{"footnotes":""},"categories":[90,93,72],"tags":[],"class_list":["post-15764","post","type-post","status-publish","format-standard","has-post-thumbnail","hentry","category-prishtina-walks","category-pristine-gezintileri","category-roportajlar"],"_links":{"self":[{"href":"https:\/\/oralhistorykosovo.org\/tr\/wp-json\/wp\/v2\/posts\/15764","targetHints":{"allow":["GET"]}}],"collection":[{"href":"https:\/\/oralhistorykosovo.org\/tr\/wp-json\/wp\/v2\/posts"}],"about":[{"href":"https:\/\/oralhistorykosovo.org\/tr\/wp-json\/wp\/v2\/types\/post"}],"author":[{"embeddable":true,"href":"https:\/\/oralhistorykosovo.org\/tr\/wp-json\/wp\/v2\/users\/14"}],"replies":[{"embeddable":true,"href":"https:\/\/oralhistorykosovo.org\/tr\/wp-json\/wp\/v2\/comments?post=15764"}],"version-history":[{"count":7,"href":"https:\/\/oralhistorykosovo.org\/tr\/wp-json\/wp\/v2\/posts\/15764\/revisions"}],"predecessor-version":[{"id":22319,"href":"https:\/\/oralhistorykosovo.org\/tr\/wp-json\/wp\/v2\/posts\/15764\/revisions\/22319"}],"wp:featuredmedia":[{"embeddable":true,"href":"https:\/\/oralhistorykosovo.org\/tr\/wp-json\/wp\/v2\/media\/22309"}],"wp:attachment":[{"href":"https:\/\/oralhistorykosovo.org\/tr\/wp-json\/wp\/v2\/media?parent=15764"}],"wp:term":[{"taxonomy":"category","embeddable":true,"href":"https:\/\/oralhistorykosovo.org\/tr\/wp-json\/wp\/v2\/categories?post=15764"},{"taxonomy":"post_tag","embeddable":true,"href":"https:\/\/oralhistorykosovo.org\/tr\/wp-json\/wp\/v2\/tags?post=15764"}],"curies":[{"name":"wp","href":"https:\/\/api.w.org\/{rel}","templated":true}]}}