{"id":15703,"date":"2019-06-07T10:50:00","date_gmt":"2019-06-07T10:50:00","guid":{"rendered":"http:\/\/oralhistorykosovo.org\/momcilo-trajkovic\/"},"modified":"2025-06-05T11:07:19","modified_gmt":"2025-06-05T11:07:19","slug":"momcilo-trajkovic","status":"publish","type":"post","link":"https:\/\/oralhistorykosovo.org\/tr\/momcilo-trajkovic\/","title":{"rendered":"Mom\u010dilo Trajkovi\u0107"},"content":{"rendered":"<p style=\"text-align: justify;\"><span style=\"font-weight: 400;\">Mom\u010dilo Trajkovi\u0107 5 Kas\u0131m 1950 y\u0131l\u0131nda Pri\u015ftine\u2019nin yak\u0131n\u0131ndaki \u00c7aglavica\u2019da d\u00fcnyaya geldi. Pri\u015ftine \u00dcniversitesi\u2019nden hukuk derecesini ald\u0131. Kariyerine \u0130l Sekreterli\u011finde d\u0131\u015f i\u015fleri dan\u0131\u015fman\u0131 olarak ba\u015flad\u0131. 1966-1989 y\u0131llar\u0131 aras\u0131nda \u0130cra Konseyi\u2019nde \u0130cra Sekreteri olarak g\u00f6rev ald\u0131 ve ard\u0131ndan iki y\u0131l boyunca Belediye Komitesi Sekreterli\u011fi g\u00f6revini yapt\u0131. Trajkovi\u0107, 1993\u2019ten itibaren Laplje Selo daki \u201cRatar\u201d isimli kooperatifin m\u00fcd\u00fcrl\u00fc\u011f\u00fcn\u00fc yapt\u0131. 1999 sava\u015f\u0131ndan sonra S\u0131rp Hareketi\u2019nin direni\u015fi ile me\u015fgul oldu. B\u00fcg\u00fcn kendisi \u00c7aglavica ile Belgrad aras\u0131nda ya\u015f\u0131yor ve bo\u015f zamanlar\u0131ndan geleneksel S\u0131rp m\u00fczi\u011fi icra ediyor. <\/span><\/p>\n","protected":false},"excerpt":{"rendered":"<p>Mom\u010dilo Trajkovi\u0107 5 Kas\u0131m 1950 y\u0131l\u0131nda Pri\u015ftine\u2019nin yak\u0131n\u0131ndaki \u00c7aglavica\u2019da d\u00fcnyaya geldi. Pri\u015ftine \u00dcniversitesi\u2019nden hukuk derecesini ald\u0131. Kariyerine \u0130l Sekreterli\u011finde d\u0131\u015f&#8230;<\/p>\n","protected":false},"author":14,"featured_media":22320,"comment_status":"open","ping_status":"open","sticky":false,"template":"","format":"standard","meta":{"footnotes":""},"categories":[98,93,72],"tags":[],"class_list":["post-15703","post","type-post","status-publish","format-standard","has-post-thumbnail","hentry","category-prishtina-walks-tr","category-pristine-gezintileri","category-roportajlar"],"_links":{"self":[{"href":"https:\/\/oralhistorykosovo.org\/tr\/wp-json\/wp\/v2\/posts\/15703","targetHints":{"allow":["GET"]}}],"collection":[{"href":"https:\/\/oralhistorykosovo.org\/tr\/wp-json\/wp\/v2\/posts"}],"about":[{"href":"https:\/\/oralhistorykosovo.org\/tr\/wp-json\/wp\/v2\/types\/post"}],"author":[{"embeddable":true,"href":"https:\/\/oralhistorykosovo.org\/tr\/wp-json\/wp\/v2\/users\/14"}],"replies":[{"embeddable":true,"href":"https:\/\/oralhistorykosovo.org\/tr\/wp-json\/wp\/v2\/comments?post=15703"}],"version-history":[{"count":4,"href":"https:\/\/oralhistorykosovo.org\/tr\/wp-json\/wp\/v2\/posts\/15703\/revisions"}],"predecessor-version":[{"id":22321,"href":"https:\/\/oralhistorykosovo.org\/tr\/wp-json\/wp\/v2\/posts\/15703\/revisions\/22321"}],"wp:featuredmedia":[{"embeddable":true,"href":"https:\/\/oralhistorykosovo.org\/tr\/wp-json\/wp\/v2\/media\/22320"}],"wp:attachment":[{"href":"https:\/\/oralhistorykosovo.org\/tr\/wp-json\/wp\/v2\/media?parent=15703"}],"wp:term":[{"taxonomy":"category","embeddable":true,"href":"https:\/\/oralhistorykosovo.org\/tr\/wp-json\/wp\/v2\/categories?post=15703"},{"taxonomy":"post_tag","embeddable":true,"href":"https:\/\/oralhistorykosovo.org\/tr\/wp-json\/wp\/v2\/tags?post=15703"}],"curies":[{"name":"wp","href":"https:\/\/api.w.org\/{rel}","templated":true}]}}