{"id":15150,"date":"2019-02-15T12:17:28","date_gmt":"2019-02-15T12:17:28","guid":{"rendered":"http:\/\/oralhistorykosovo.org\/sukru-zeynullah\/"},"modified":"2025-06-05T12:15:49","modified_gmt":"2025-06-05T12:15:49","slug":"sukru-zeynullah","status":"publish","type":"post","link":"https:\/\/oralhistorykosovo.org\/tr\/sukru-zeynullah\/","title":{"rendered":"\u015e\u00fckr\u00fc Zeynullah"},"content":{"rendered":"<p style=\"text-align: justify;\"><span style=\"font-weight: 400;\">\u015e\u00fckr\u00fc Zeynullah 5 A\u011fustos 1932 y\u0131l\u0131nda Pri\u015ftine\u2019de do\u011fdu. 1953 y\u0131l\u0131nda \u00dcsk\u00fcp\u2019te Pedagoji Okulu\u2019nun ilk mezunlar\u0131ndan biri olan Zeynullah, T\u00fcrk\u00e7e e\u011fitimin de ilk \u00f6\u011fretmenlerinden ve okul m\u00fcd\u00fcrlerinden biri olur. Daha sonra Pri\u015ftine Pioner Merkezi M\u00fcd\u00fcrl\u00fc\u011f\u00fcn\u00fc yapar. 1975 y\u0131l\u0131nda \u2018Tan\u2019 gazete yay\u0131n kurumunda ba\u015flad\u0131\u011f\u0131 Ticari M\u00fcd\u00fcrl\u00fck g\u00f6revini 1981 y\u0131l\u0131na kadar devam ettirir. Zeynullah \u015fu anda k\u0131z\u0131 ve torunlar\u0131 ile birlikte, Pri\u015ftine\u2019de ya\u015famaktad\u0131r. <\/span><\/p>\n","protected":false},"excerpt":{"rendered":"<p>\u015e\u00fckr\u00fc Zeynullah 5 A\u011fustos 1932 y\u0131l\u0131nda Pri\u015ftine\u2019de do\u011fdu. 1953 y\u0131l\u0131nda \u00dcsk\u00fcp\u2019te Pedagoji Okulu\u2019nun ilk mezunlar\u0131ndan biri olan Zeynullah, T\u00fcrk\u00e7e e\u011fitimin&#8230;<\/p>\n","protected":false},"author":14,"featured_media":22372,"comment_status":"open","ping_status":"open","sticky":false,"template":"","format":"standard","meta":{"footnotes":""},"categories":[90,93,72],"tags":[],"class_list":["post-15150","post","type-post","status-publish","format-standard","has-post-thumbnail","hentry","category-prishtina-walks","category-pristine-gezintileri","category-roportajlar"],"_links":{"self":[{"href":"https:\/\/oralhistorykosovo.org\/tr\/wp-json\/wp\/v2\/posts\/15150","targetHints":{"allow":["GET"]}}],"collection":[{"href":"https:\/\/oralhistorykosovo.org\/tr\/wp-json\/wp\/v2\/posts"}],"about":[{"href":"https:\/\/oralhistorykosovo.org\/tr\/wp-json\/wp\/v2\/types\/post"}],"author":[{"embeddable":true,"href":"https:\/\/oralhistorykosovo.org\/tr\/wp-json\/wp\/v2\/users\/14"}],"replies":[{"embeddable":true,"href":"https:\/\/oralhistorykosovo.org\/tr\/wp-json\/wp\/v2\/comments?post=15150"}],"version-history":[{"count":6,"href":"https:\/\/oralhistorykosovo.org\/tr\/wp-json\/wp\/v2\/posts\/15150\/revisions"}],"predecessor-version":[{"id":22373,"href":"https:\/\/oralhistorykosovo.org\/tr\/wp-json\/wp\/v2\/posts\/15150\/revisions\/22373"}],"wp:featuredmedia":[{"embeddable":true,"href":"https:\/\/oralhistorykosovo.org\/tr\/wp-json\/wp\/v2\/media\/22372"}],"wp:attachment":[{"href":"https:\/\/oralhistorykosovo.org\/tr\/wp-json\/wp\/v2\/media?parent=15150"}],"wp:term":[{"taxonomy":"category","embeddable":true,"href":"https:\/\/oralhistorykosovo.org\/tr\/wp-json\/wp\/v2\/categories?post=15150"},{"taxonomy":"post_tag","embeddable":true,"href":"https:\/\/oralhistorykosovo.org\/tr\/wp-json\/wp\/v2\/tags?post=15150"}],"curies":[{"name":"wp","href":"https:\/\/api.w.org\/{rel}","templated":true}]}}