{"id":15088,"date":"2019-02-01T12:15:36","date_gmt":"2019-02-01T12:15:36","guid":{"rendered":"http:\/\/oralhistorykosovo.org\/shkelzen-maliqi\/"},"modified":"2025-06-05T10:52:40","modified_gmt":"2025-06-05T10:52:40","slug":"shkelzen-maliqi","status":"publish","type":"post","link":"https:\/\/oralhistorykosovo.org\/tr\/shkelzen-maliqi\/","title":{"rendered":"Shk\u00eblzen Maliqi"},"content":{"rendered":"<p style=\"text-align: justify;\"><span style=\"font-weight: 400;\">Shk\u00eblzen Maliqi 28 Ekim, 1947\u2019de Rahovec\u2019te d\u00fcnyaya geldi ve Prizren ile Pri\u015ftine aras\u0131nda ya\u015fad\u0131. Felsefe \u00fczerine yapt\u0131\u011f\u0131 lisans e\u011fitimini S\u0131rbistan\u2019\u0131n Belgrad \u015fehrinde tamamlad\u0131. 1990\u2019l\u0131 y\u0131llarda, Kosova Sosyal Demokratik Partisi\u2019ni kurarak ve partinin ilk ba\u015fkan\u0131 olarak siyasete at\u0131ld\u0131. 1980\u2019lerden itibaren k\u00fclt\u00fcr alan\u0131na, yerel ve b\u00f6lgesel medyaya durmaks\u0131z\u0131n katk\u0131da bulundu. Kendisi, kitaplar\u0131 Arnavut\u00e7a, \u0130ngilizce, \u0130talyanca, \u0130spanyolca ve S\u0131rp\u00e7a\u2019ya \u00e7evrilen bir felsefeci, sanat ele\u015ftirmeni ve siyaset analisti. \u015eu anda Maliqi, Gani Bobi Be\u015feri Ara\u015ft\u0131rmalar Merkezi\u2019ni y\u00f6netmekte ve e\u015fi ile birlikte Pri\u015ftine\u2019de ya\u015famaktad\u0131r. <\/span><\/p>\n","protected":false},"excerpt":{"rendered":"<p>Shk\u00eblzen Maliqi 28 Ekim, 1947\u2019de Rahovec\u2019te d\u00fcnyaya geldi ve Prizren ile Pri\u015ftine aras\u0131nda ya\u015fad\u0131. Felsefe \u00fczerine yapt\u0131\u011f\u0131 lisans e\u011fitimini S\u0131rbistan\u2019\u0131n&#8230;<\/p>\n","protected":false},"author":14,"featured_media":22286,"comment_status":"open","ping_status":"open","sticky":false,"template":"","format":"standard","meta":{"footnotes":""},"categories":[90,93,72],"tags":[],"class_list":["post-15088","post","type-post","status-publish","format-standard","has-post-thumbnail","hentry","category-prishtina-walks","category-pristine-gezintileri","category-roportajlar"],"_links":{"self":[{"href":"https:\/\/oralhistorykosovo.org\/tr\/wp-json\/wp\/v2\/posts\/15088","targetHints":{"allow":["GET"]}}],"collection":[{"href":"https:\/\/oralhistorykosovo.org\/tr\/wp-json\/wp\/v2\/posts"}],"about":[{"href":"https:\/\/oralhistorykosovo.org\/tr\/wp-json\/wp\/v2\/types\/post"}],"author":[{"embeddable":true,"href":"https:\/\/oralhistorykosovo.org\/tr\/wp-json\/wp\/v2\/users\/14"}],"replies":[{"embeddable":true,"href":"https:\/\/oralhistorykosovo.org\/tr\/wp-json\/wp\/v2\/comments?post=15088"}],"version-history":[{"count":4,"href":"https:\/\/oralhistorykosovo.org\/tr\/wp-json\/wp\/v2\/posts\/15088\/revisions"}],"predecessor-version":[{"id":22295,"href":"https:\/\/oralhistorykosovo.org\/tr\/wp-json\/wp\/v2\/posts\/15088\/revisions\/22295"}],"wp:featuredmedia":[{"embeddable":true,"href":"https:\/\/oralhistorykosovo.org\/tr\/wp-json\/wp\/v2\/media\/22286"}],"wp:attachment":[{"href":"https:\/\/oralhistorykosovo.org\/tr\/wp-json\/wp\/v2\/media?parent=15088"}],"wp:term":[{"taxonomy":"category","embeddable":true,"href":"https:\/\/oralhistorykosovo.org\/tr\/wp-json\/wp\/v2\/categories?post=15088"},{"taxonomy":"post_tag","embeddable":true,"href":"https:\/\/oralhistorykosovo.org\/tr\/wp-json\/wp\/v2\/tags?post=15088"}],"curies":[{"name":"wp","href":"https:\/\/api.w.org\/{rel}","templated":true}]}}