{"id":14921,"date":"2018-11-23T11:51:31","date_gmt":"2018-11-23T11:51:31","guid":{"rendered":"http:\/\/oralhistorykosovo.org\/?p=14921"},"modified":"2025-06-05T12:28:58","modified_gmt":"2025-06-05T12:28:58","slug":"kamile-turbedar","status":"publish","type":"post","link":"https:\/\/oralhistorykosovo.org\/tr\/kamile-turbedar\/","title":{"rendered":"Kamile T\u00fcrbedar"},"content":{"rendered":"<p style=\"text-align: justify;\"><span style=\"font-weight: 400;\">Kamile T\u00fcrbedar 1941 y\u0131l\u0131nda Mitrovica\u2019da do\u011fdu. Babas\u0131n\u0131 \u0130kinci D\u00fcnya Sava\u015f\u0131\u2019nda kaybeden Kamile Han\u0131m, annesi ve karde\u015fleri ile \u00f6nce bir s\u00fcre Gazimestan\u2019daki Sultan Murat\u2019\u0131n T\u00fcrbesine yerle\u015fir ard\u0131ndan da Pri\u015ftine\u2019ye gelir. Belgrat\u2019tan g\u00f6nderilen bir kuaf\u00f6rden zanaat \u00f6\u011frenen Kamile Han\u0131m, bir s\u00fcre sonra Pri\u015ftine\u2019nin ilk kad\u0131n kuaf\u00f6r\u00fc olur. Pri\u015ftine\u2019de d\u00f6nemin \u00f6nde gelenlerinin yan\u0131 s\u0131ra, Yugoslavya genelinden gelen \u00fcst d\u00fczey ziyaret\u00e7ilerin de kuaf\u00f6rl\u00fc\u011f\u00fcn\u00fc yapt\u0131\u011f\u0131 d\u00fckkan\u0131nda hala \u00e7al\u0131\u015fmakta. <\/span><\/p>\n","protected":false},"excerpt":{"rendered":"<p>Kamile T\u00fcrbedar 1941 y\u0131l\u0131nda Mitrovica\u2019da do\u011fdu. Babas\u0131n\u0131 \u0130kinci D\u00fcnya Sava\u015f\u0131\u2019nda kaybeden Kamile Han\u0131m, annesi ve karde\u015fleri ile \u00f6nce bir s\u00fcre&#8230;<\/p>\n","protected":false},"author":14,"featured_media":22382,"comment_status":"open","ping_status":"open","sticky":false,"template":"","format":"standard","meta":{"footnotes":""},"categories":[90,93,72],"tags":[],"class_list":["post-14921","post","type-post","status-publish","format-standard","has-post-thumbnail","hentry","category-prishtina-walks","category-pristine-gezintileri","category-roportajlar"],"_links":{"self":[{"href":"https:\/\/oralhistorykosovo.org\/tr\/wp-json\/wp\/v2\/posts\/14921","targetHints":{"allow":["GET"]}}],"collection":[{"href":"https:\/\/oralhistorykosovo.org\/tr\/wp-json\/wp\/v2\/posts"}],"about":[{"href":"https:\/\/oralhistorykosovo.org\/tr\/wp-json\/wp\/v2\/types\/post"}],"author":[{"embeddable":true,"href":"https:\/\/oralhistorykosovo.org\/tr\/wp-json\/wp\/v2\/users\/14"}],"replies":[{"embeddable":true,"href":"https:\/\/oralhistorykosovo.org\/tr\/wp-json\/wp\/v2\/comments?post=14921"}],"version-history":[{"count":8,"href":"https:\/\/oralhistorykosovo.org\/tr\/wp-json\/wp\/v2\/posts\/14921\/revisions"}],"predecessor-version":[{"id":22383,"href":"https:\/\/oralhistorykosovo.org\/tr\/wp-json\/wp\/v2\/posts\/14921\/revisions\/22383"}],"wp:featuredmedia":[{"embeddable":true,"href":"https:\/\/oralhistorykosovo.org\/tr\/wp-json\/wp\/v2\/media\/22382"}],"wp:attachment":[{"href":"https:\/\/oralhistorykosovo.org\/tr\/wp-json\/wp\/v2\/media?parent=14921"}],"wp:term":[{"taxonomy":"category","embeddable":true,"href":"https:\/\/oralhistorykosovo.org\/tr\/wp-json\/wp\/v2\/categories?post=14921"},{"taxonomy":"post_tag","embeddable":true,"href":"https:\/\/oralhistorykosovo.org\/tr\/wp-json\/wp\/v2\/tags?post=14921"}],"curies":[{"name":"wp","href":"https:\/\/api.w.org\/{rel}","templated":true}]}}