{"id":14310,"date":"2018-08-03T10:37:46","date_gmt":"2018-08-03T10:37:46","guid":{"rendered":"http:\/\/oralhistorykosovo.org\/enver-baki\/"},"modified":"2025-06-05T20:38:58","modified_gmt":"2025-06-05T20:38:58","slug":"enver-baki","status":"publish","type":"post","link":"https:\/\/oralhistorykosovo.org\/tr\/enver-baki\/","title":{"rendered":"Enver Baki"},"content":{"rendered":"<p style=\"text-align: justify;\"><span style=\"font-weight: 400;\">Enver Baki 1943 y\u0131l\u0131nda Pri\u015ftine\u2019de do\u011fdu. Kendisi Kosova T\u00fcrk halk\u0131n\u0131n tan\u0131nm\u0131\u015f \u00f6yk\u00fc ve \u015fiir yazar\u0131d\u0131r. Baki, Y\u00fcksek Pedagoji Okulu T\u00fcrk Dili ve Edebiyat\u0131 B\u00f6l\u00fcm\u00fc\u2019nden mezun oldu. 1963 y\u0131l\u0131nda Pri\u015ftine Radyosu\u2019nun T\u00fcrk\u00e7e Yay\u0131nlar Servisi\u2019nde \u00e7al\u0131\u015fmaya ba\u015flad\u0131. 1969 y\u0131l\u0131na kadar \u00e7o\u00e7uk program\u0131n\u0131n sorumlusuydu. <\/span><i><span style=\"font-weight: 400;\">Tan<\/span><\/i><span style=\"font-weight: 400;\"> gazetesinin kurucular\u0131ndan biri olan Baki, 60\u2019l\u0131 y\u0131llardan 80\u2019li y\u0131llara kadar bu gazetede sorumlu yazar olarak \u00e7al\u0131\u015ft\u0131. <\/span><i><span style=\"font-weight: 400;\">\u00c7evren <\/span><\/i><span style=\"font-weight: 400;\">ve <\/span><i><span style=\"font-weight: 400;\">Ku\u015f<\/span><\/i><span style=\"font-weight: 400;\"> dergilerinin y\u00f6netim kurullar\u0131na \u00fcye olarak \u00e7al\u0131\u015ft\u0131. Bug\u00fcn kendisi emekli ve Pri\u015ftine\u2019de ailesi ile beraber ya\u015f\u0131yor. <\/span><i><span style=\"font-weight: 400;\">\u00a0<\/span><\/i><\/p>\n","protected":false},"excerpt":{"rendered":"<p>Enver Baki 1943 y\u0131l\u0131nda Pri\u015ftine\u2019de do\u011fdu. Kendisi Kosova T\u00fcrk halk\u0131n\u0131n tan\u0131nm\u0131\u015f \u00f6yk\u00fc ve \u015fiir yazar\u0131d\u0131r. Baki, Y\u00fcksek Pedagoji Okulu T\u00fcrk&#8230;<\/p>\n","protected":false},"author":14,"featured_media":22461,"comment_status":"open","ping_status":"open","sticky":false,"template":"","format":"standard","meta":{"footnotes":""},"categories":[72],"tags":[],"class_list":["post-14310","post","type-post","status-publish","format-standard","has-post-thumbnail","hentry","category-roportajlar"],"_links":{"self":[{"href":"https:\/\/oralhistorykosovo.org\/tr\/wp-json\/wp\/v2\/posts\/14310","targetHints":{"allow":["GET"]}}],"collection":[{"href":"https:\/\/oralhistorykosovo.org\/tr\/wp-json\/wp\/v2\/posts"}],"about":[{"href":"https:\/\/oralhistorykosovo.org\/tr\/wp-json\/wp\/v2\/types\/post"}],"author":[{"embeddable":true,"href":"https:\/\/oralhistorykosovo.org\/tr\/wp-json\/wp\/v2\/users\/14"}],"replies":[{"embeddable":true,"href":"https:\/\/oralhistorykosovo.org\/tr\/wp-json\/wp\/v2\/comments?post=14310"}],"version-history":[{"count":5,"href":"https:\/\/oralhistorykosovo.org\/tr\/wp-json\/wp\/v2\/posts\/14310\/revisions"}],"predecessor-version":[{"id":22465,"href":"https:\/\/oralhistorykosovo.org\/tr\/wp-json\/wp\/v2\/posts\/14310\/revisions\/22465"}],"wp:featuredmedia":[{"embeddable":true,"href":"https:\/\/oralhistorykosovo.org\/tr\/wp-json\/wp\/v2\/media\/22461"}],"wp:attachment":[{"href":"https:\/\/oralhistorykosovo.org\/tr\/wp-json\/wp\/v2\/media?parent=14310"}],"wp:term":[{"taxonomy":"category","embeddable":true,"href":"https:\/\/oralhistorykosovo.org\/tr\/wp-json\/wp\/v2\/categories?post=14310"},{"taxonomy":"post_tag","embeddable":true,"href":"https:\/\/oralhistorykosovo.org\/tr\/wp-json\/wp\/v2\/tags?post=14310"}],"curies":[{"name":"wp","href":"https:\/\/api.w.org\/{rel}","templated":true}]}}