{"id":14042,"date":"2018-06-20T09:47:52","date_gmt":"2018-06-20T09:47:52","guid":{"rendered":"http:\/\/oralhistorykosovo.org\/vait-krasniqi\/"},"modified":"2025-06-05T20:03:44","modified_gmt":"2025-06-05T20:03:44","slug":"vait-krasniqi","status":"publish","type":"post","link":"https:\/\/oralhistorykosovo.org\/tr\/vait-krasniqi\/","title":{"rendered":"Vait Krasniqi"},"content":{"rendered":"<p style=\"text-align: justify;\"><span style=\"font-weight: 400;\">Vait Krasniqi 2 A\u011fustos 1960\u2019ta Prizren\u2019in Vlashnj\u00eb k\u00f6y\u00fcnde d\u00fcnyaya geldi. Pri\u015ftine Sanat Akademisinde, M\u00fczik b\u00f6l\u00fcm\u00fc, pedagoji-sanat departman\u0131ndan mezun oldu. O d\u00f6nemlerde 1981 protestolar\u0131na kat\u0131lm\u0131\u015f ve 1982\u2019de bu sebepten hapise al\u0131nm\u0131\u015ft\u0131r. 1 Eyl\u00fcl 1987\u2019de kendi de mezunu oldu\u011fu \u2018Josip Sllavenski\u2019 lisesinde ders vermeye ba\u015flad\u0131. 1991 y\u0131l\u0131nda bir\u00e7ok arnavut gibi, i\u015finden oldu, ve bundan sonra, 1999 y\u0131l\u0131na kadar Prizren\u2019deki emprovize ev okullar\u0131nda ders verdi. G\u00fcn\u00fcm\u00fczde kendisi Prizren\u2019de ya\u015fay\u0131p, \u2018Lorenc Antoni\u2019 m\u00fczik okulunda \u00a0ders vermektedir. <\/span><\/p>\n","protected":false},"excerpt":{"rendered":"<p>Vait Krasniqi 2 A\u011fustos 1960\u2019ta Prizren\u2019in Vlashnj\u00eb k\u00f6y\u00fcnde d\u00fcnyaya geldi. Pri\u015ftine Sanat Akademisinde, M\u00fczik b\u00f6l\u00fcm\u00fc, pedagoji-sanat departman\u0131ndan mezun oldu. O&#8230;<\/p>\n","protected":false},"author":14,"featured_media":22426,"comment_status":"open","ping_status":"open","sticky":false,"template":"","format":"standard","meta":{"footnotes":""},"categories":[84,72],"tags":[],"class_list":["post-14042","post","type-post","status-publish","format-standard","has-post-thumbnail","hentry","category-prizren-urban-memoryscapes-tr","category-roportajlar"],"_links":{"self":[{"href":"https:\/\/oralhistorykosovo.org\/tr\/wp-json\/wp\/v2\/posts\/14042","targetHints":{"allow":["GET"]}}],"collection":[{"href":"https:\/\/oralhistorykosovo.org\/tr\/wp-json\/wp\/v2\/posts"}],"about":[{"href":"https:\/\/oralhistorykosovo.org\/tr\/wp-json\/wp\/v2\/types\/post"}],"author":[{"embeddable":true,"href":"https:\/\/oralhistorykosovo.org\/tr\/wp-json\/wp\/v2\/users\/14"}],"replies":[{"embeddable":true,"href":"https:\/\/oralhistorykosovo.org\/tr\/wp-json\/wp\/v2\/comments?post=14042"}],"version-history":[{"count":6,"href":"https:\/\/oralhistorykosovo.org\/tr\/wp-json\/wp\/v2\/posts\/14042\/revisions"}],"predecessor-version":[{"id":22430,"href":"https:\/\/oralhistorykosovo.org\/tr\/wp-json\/wp\/v2\/posts\/14042\/revisions\/22430"}],"wp:featuredmedia":[{"embeddable":true,"href":"https:\/\/oralhistorykosovo.org\/tr\/wp-json\/wp\/v2\/media\/22426"}],"wp:attachment":[{"href":"https:\/\/oralhistorykosovo.org\/tr\/wp-json\/wp\/v2\/media?parent=14042"}],"wp:term":[{"taxonomy":"category","embeddable":true,"href":"https:\/\/oralhistorykosovo.org\/tr\/wp-json\/wp\/v2\/categories?post=14042"},{"taxonomy":"post_tag","embeddable":true,"href":"https:\/\/oralhistorykosovo.org\/tr\/wp-json\/wp\/v2\/tags?post=14042"}],"curies":[{"name":"wp","href":"https:\/\/api.w.org\/{rel}","templated":true}]}}