{"id":14020,"date":"2018-06-20T08:56:06","date_gmt":"2018-06-20T08:56:06","guid":{"rendered":"http:\/\/oralhistorykosovo.org\/indira-cipa\/"},"modified":"2025-06-05T21:53:32","modified_gmt":"2025-06-05T21:53:32","slug":"indira-cipa","status":"publish","type":"post","link":"https:\/\/oralhistorykosovo.org\/tr\/indira-cipa\/","title":{"rendered":"Indira \u00c7ipa"},"content":{"rendered":"<p style=\"text-align: justify;\"><span style=\"font-weight: 400;\">Indira \u00c7ipa 14 Temmuz 1962\u2019de Prizren\u2019de do\u011fdu. Pri\u015ftine \u00dcniversitesi piyano departman\u0131nda M\u00fczik e\u011fitimini tamamlad\u0131. Bir s\u00fcre boyunca Pri\u015ftine Televizyonunda haber spikeri olarak \u00e7al\u0131\u015ft\u0131ktan sonra \u00dcsk\u00fcpteki Sveti Kiril-Metodij \u00dcniversitesinde y\u00fcksek lisans\u0131n\u0131 tamamlad\u0131. 1990 ile 1996 aras\u0131nda Agimi K\u00fclt\u00fcrel ve Sanatsal Toplulu\u011funda aktif olup, piyano resitallerine katk\u0131da bulunmu\u015ftur. 1997 ile 2004 aras\u0131, Tetova \u00dcniversitesinde piyano profes\u00f6r\u00fc olarak \u00e7al\u0131\u015fm\u0131\u015ft\u0131r. Yarat\u0131c\u0131 \u00c7al\u0131\u015fmalar ve Piyano Performans\u0131 alan\u0131nda doktoras\u0131 bulunan \u00c7ipa, ayr\u0131ca piyano hocal\u0131\u011f\u0131 da yapmaktad\u0131r. <\/span><\/p>\n","protected":false},"excerpt":{"rendered":"<p>Indira \u00c7ipa 14 Temmuz 1962\u2019de Prizren\u2019de do\u011fdu. Pri\u015ftine \u00dcniversitesi piyano departman\u0131nda M\u00fczik e\u011fitimini tamamlad\u0131. Bir s\u00fcre boyunca Pri\u015ftine Televizyonunda haber&#8230;<\/p>\n","protected":false},"author":14,"featured_media":22522,"comment_status":"open","ping_status":"open","sticky":false,"template":"","format":"standard","meta":{"footnotes":""},"categories":[84,72],"tags":[],"class_list":["post-14020","post","type-post","status-publish","format-standard","has-post-thumbnail","hentry","category-prizren-urban-memoryscapes-tr","category-roportajlar"],"_links":{"self":[{"href":"https:\/\/oralhistorykosovo.org\/tr\/wp-json\/wp\/v2\/posts\/14020","targetHints":{"allow":["GET"]}}],"collection":[{"href":"https:\/\/oralhistorykosovo.org\/tr\/wp-json\/wp\/v2\/posts"}],"about":[{"href":"https:\/\/oralhistorykosovo.org\/tr\/wp-json\/wp\/v2\/types\/post"}],"author":[{"embeddable":true,"href":"https:\/\/oralhistorykosovo.org\/tr\/wp-json\/wp\/v2\/users\/14"}],"replies":[{"embeddable":true,"href":"https:\/\/oralhistorykosovo.org\/tr\/wp-json\/wp\/v2\/comments?post=14020"}],"version-history":[{"count":3,"href":"https:\/\/oralhistorykosovo.org\/tr\/wp-json\/wp\/v2\/posts\/14020\/revisions"}],"predecessor-version":[{"id":22526,"href":"https:\/\/oralhistorykosovo.org\/tr\/wp-json\/wp\/v2\/posts\/14020\/revisions\/22526"}],"wp:featuredmedia":[{"embeddable":true,"href":"https:\/\/oralhistorykosovo.org\/tr\/wp-json\/wp\/v2\/media\/22522"}],"wp:attachment":[{"href":"https:\/\/oralhistorykosovo.org\/tr\/wp-json\/wp\/v2\/media?parent=14020"}],"wp:term":[{"taxonomy":"category","embeddable":true,"href":"https:\/\/oralhistorykosovo.org\/tr\/wp-json\/wp\/v2\/categories?post=14020"},{"taxonomy":"post_tag","embeddable":true,"href":"https:\/\/oralhistorykosovo.org\/tr\/wp-json\/wp\/v2\/tags?post=14020"}],"curies":[{"name":"wp","href":"https:\/\/api.w.org\/{rel}","templated":true}]}}