{"id":7840,"date":"2016-10-07T09:03:01","date_gmt":"2016-10-07T09:03:01","guid":{"rendered":"http:\/\/oralhistorykosovo.org\/sr\/?p=7840"},"modified":"2018-04-28T05:46:39","modified_gmt":"2018-04-28T05:46:39","slug":"ibish-neziri","status":"publish","type":"post","link":"https:\/\/oralhistorykosovo.org\/sr\/ibish-neziri\/","title":{"rendered":"Ibi\u0161 Neziri"},"content":{"rendered":"<p style=\"text-align: justify;\"><span style=\"font-weight: 400;\">Ibi\u0161 Neziri je ro\u0111en na Kosovu u selu Bardoni\u0107 1957. Novinar je i autor brojnih knjiga. Od 1980-e do 1986-e bio je politi\u010dki zatvorenik. Radio je kao novinar za list &#8222;Zeri i Kosoves&#8220; (Glas Kosova), kao i za hrvatski list &#8222;Hrvatska danas&#8220; i &#8222;Hrvatska domovina&#8220; gde je objavljivao pod pseudonimom. Godine 1993. emigrira za \u0160vajcarsku gde je radio u Organizaciji za prihvat azilanata (Asyl Organisation) i \u010detrnaest godina kao u\u010ditelj dodatne nastave za albanski jezik. Trenutno radi kao profesionalni prevodilac i interkulturalni posrednik.<\/span><\/p>\n","protected":false},"excerpt":{"rendered":"<p>Ibi\u0161 Neziri je ro\u0111en na Kosovu u selu Bardoni\u0107 1957. Novinar je i autor brojnih knjiga. Od 1980-e do 1986-e&#8230;<\/p>\n","protected":false},"author":13,"featured_media":7858,"comment_status":"open","ping_status":"open","sticky":false,"template":"","format":"standard","meta":{"footnotes":""},"categories":[14,16,53],"tags":[],"class_list":["post-7840","post","type-post","status-publish","format-standard","has-post-thumbnail","hentry","category-intervjui","category-istrazivanje","category-blood-feuds-and-reconcliliation-sr","label-photo","label-transcript","label-video"],"_links":{"self":[{"href":"https:\/\/oralhistorykosovo.org\/sr\/wp-json\/wp\/v2\/posts\/7840","targetHints":{"allow":["GET"]}}],"collection":[{"href":"https:\/\/oralhistorykosovo.org\/sr\/wp-json\/wp\/v2\/posts"}],"about":[{"href":"https:\/\/oralhistorykosovo.org\/sr\/wp-json\/wp\/v2\/types\/post"}],"author":[{"embeddable":true,"href":"https:\/\/oralhistorykosovo.org\/sr\/wp-json\/wp\/v2\/users\/13"}],"replies":[{"embeddable":true,"href":"https:\/\/oralhistorykosovo.org\/sr\/wp-json\/wp\/v2\/comments?post=7840"}],"version-history":[{"count":13,"href":"https:\/\/oralhistorykosovo.org\/sr\/wp-json\/wp\/v2\/posts\/7840\/revisions"}],"predecessor-version":[{"id":13746,"href":"https:\/\/oralhistorykosovo.org\/sr\/wp-json\/wp\/v2\/posts\/7840\/revisions\/13746"}],"wp:featuredmedia":[{"embeddable":true,"href":"https:\/\/oralhistorykosovo.org\/sr\/wp-json\/wp\/v2\/media\/7858"}],"wp:attachment":[{"href":"https:\/\/oralhistorykosovo.org\/sr\/wp-json\/wp\/v2\/media?parent=7840"}],"wp:term":[{"taxonomy":"category","embeddable":true,"href":"https:\/\/oralhistorykosovo.org\/sr\/wp-json\/wp\/v2\/categories?post=7840"},{"taxonomy":"post_tag","embeddable":true,"href":"https:\/\/oralhistorykosovo.org\/sr\/wp-json\/wp\/v2\/tags?post=7840"}],"curies":[{"name":"wp","href":"https:\/\/api.w.org\/{rel}","templated":true}]}}