{"id":7617,"date":"2016-09-15T18:43:23","date_gmt":"2016-09-15T18:43:23","guid":{"rendered":"http:\/\/oralhistorykosovo.org\/sr\/riza-krasniqi\/"},"modified":"2017-06-13T22:48:28","modified_gmt":"2017-06-13T22:48:28","slug":"riza-krasniqi","status":"publish","type":"post","link":"https:\/\/oralhistorykosovo.org\/sr\/riza-krasniqi\/","title":{"rendered":"Riza Krasni\u0107i"},"content":{"rendered":"<p><span style=\"font-weight: 400;\">Riza Krasni\u0107i je ro\u0111en 3. jula 1959. godine, u Pe\u0107i, na Kosovu. Kao diplomac Tehni\u010dkog fakulteta, odeljenja za elektrotehniku, Univerziteta u Pri\u0161tini, vratio se u Pe\u0107 da radi kao profesor Informatike u gimnaziji, &#8222;Bedri Pejani&#8220;. U godinama 1990-92. bio je pregovara\u010d u Pokretu pomirenja krvnih osveta. Danas je deo saveta Pokreta pomirenja krvnih osveta, anga\u017eovan u promovisanju i \u010duvanju uspomena humanisti\u010dkih vrednosti koje je ovaj pokret podr\u017eao u to vreme. \u00a0<\/span><\/p>\n<p><span style=\"font-weight: 400;\"> \u00a0<\/span><\/p>\n","protected":false},"excerpt":{"rendered":"<p>Riza Krasni\u0107i je ro\u0111en 3. jula 1959. godine, u Pe\u0107i, na Kosovu. Kao diplomac Tehni\u010dkog fakulteta, odeljenja za elektrotehniku, Univerziteta&#8230;<\/p>\n","protected":false},"author":7,"featured_media":7614,"comment_status":"open","ping_status":"open","sticky":false,"template":"","format":"standard","meta":{"footnotes":""},"categories":[14,16,53],"tags":[],"class_list":["post-7617","post","type-post","status-publish","format-standard","has-post-thumbnail","hentry","category-intervjui","category-istrazivanje","category-blood-feuds-and-reconcliliation-sr","label-photo","label-transcript","label-video"],"_links":{"self":[{"href":"https:\/\/oralhistorykosovo.org\/sr\/wp-json\/wp\/v2\/posts\/7617","targetHints":{"allow":["GET"]}}],"collection":[{"href":"https:\/\/oralhistorykosovo.org\/sr\/wp-json\/wp\/v2\/posts"}],"about":[{"href":"https:\/\/oralhistorykosovo.org\/sr\/wp-json\/wp\/v2\/types\/post"}],"author":[{"embeddable":true,"href":"https:\/\/oralhistorykosovo.org\/sr\/wp-json\/wp\/v2\/users\/7"}],"replies":[{"embeddable":true,"href":"https:\/\/oralhistorykosovo.org\/sr\/wp-json\/wp\/v2\/comments?post=7617"}],"version-history":[{"count":9,"href":"https:\/\/oralhistorykosovo.org\/sr\/wp-json\/wp\/v2\/posts\/7617\/revisions"}],"predecessor-version":[{"id":9137,"href":"https:\/\/oralhistorykosovo.org\/sr\/wp-json\/wp\/v2\/posts\/7617\/revisions\/9137"}],"wp:featuredmedia":[{"embeddable":true,"href":"https:\/\/oralhistorykosovo.org\/sr\/wp-json\/wp\/v2\/media\/7614"}],"wp:attachment":[{"href":"https:\/\/oralhistorykosovo.org\/sr\/wp-json\/wp\/v2\/media?parent=7617"}],"wp:term":[{"taxonomy":"category","embeddable":true,"href":"https:\/\/oralhistorykosovo.org\/sr\/wp-json\/wp\/v2\/categories?post=7617"},{"taxonomy":"post_tag","embeddable":true,"href":"https:\/\/oralhistorykosovo.org\/sr\/wp-json\/wp\/v2\/tags?post=7617"}],"curies":[{"name":"wp","href":"https:\/\/api.w.org\/{rel}","templated":true}]}}