{"id":4343,"date":"2015-07-01T20:20:31","date_gmt":"2015-07-01T20:20:31","guid":{"rendered":"http:\/\/oralhistorykosovo.org\/sr\/ramadan-in-prizren-prizren-in-ramadan\/"},"modified":"2016-07-19T15:22:20","modified_gmt":"2016-07-19T15:22:20","slug":"ramadan-in-prizren-prizren-in-ramadan","status":"publish","type":"post","link":"https:\/\/oralhistorykosovo.org\/sr\/ramadan-in-prizren-prizren-in-ramadan\/","title":{"rendered":"Ramazan u Prizrenu"},"content":{"rendered":"<p>Stoga je njegov sin Ares objavio tekst na svojoj Facebook stranici 17. juna 2015. godine.<\/p>\n<p>&#8222;Ovu reporta\u017eu je napisao moj otac Agron \u0160porta tokom meseca Ramazana pre nekih 17 godina, u januaru 1998. To je zanimljiva pri\u010da o Prizrenu tokom Ramazana, koji otkriva mnogo o gradu i njegovim ljudima tokom tih neobi\u010dnih dana. Uprkos promeni re\u017eima i mnogih drugih promena koje su se dogodile, Prizren je na mnogim nivoima i dalje sasvim isti, a mnogi aspekti pri\u010de va\u017ee i dan danas.<\/p>\n<p>Pro\u0161le godine, tokom prvog Ramazana nakon smrti moga oca, preveo sam pri\u010du na engleski i objavio je na Kosovo 2.0, i koristim ovu priliku da im se zahvalim za deljenje ne\u010dega \u0161to je napisao \u010dovek, koji je iz nekih razloga objavio vrlo malo od onoga \u0161to je napisao. Nadam se da c\u0301ete svi dobiti bolji uvid Ramazana u Prizrenu.&#8220;<\/p>\n","protected":false},"excerpt":{"rendered":"<p>Stoga je njegov sin Ares objavio tekst na svojoj Facebook stranici 17. juna 2015. godine. &#8222;Ovu reporta\u017eu je napisao moj&#8230;<\/p>\n","protected":false},"author":5,"featured_media":4195,"comment_status":"open","ping_status":"open","sticky":false,"template":"","format":"standard","meta":{"footnotes":""},"categories":[20],"tags":[],"class_list":["post-4343","post","type-post","status-publish","format-standard","has-post-thumbnail","hentry","category-price","label-photo"],"_links":{"self":[{"href":"https:\/\/oralhistorykosovo.org\/sr\/wp-json\/wp\/v2\/posts\/4343","targetHints":{"allow":["GET"]}}],"collection":[{"href":"https:\/\/oralhistorykosovo.org\/sr\/wp-json\/wp\/v2\/posts"}],"about":[{"href":"https:\/\/oralhistorykosovo.org\/sr\/wp-json\/wp\/v2\/types\/post"}],"author":[{"embeddable":true,"href":"https:\/\/oralhistorykosovo.org\/sr\/wp-json\/wp\/v2\/users\/5"}],"replies":[{"embeddable":true,"href":"https:\/\/oralhistorykosovo.org\/sr\/wp-json\/wp\/v2\/comments?post=4343"}],"version-history":[{"count":9,"href":"https:\/\/oralhistorykosovo.org\/sr\/wp-json\/wp\/v2\/posts\/4343\/revisions"}],"predecessor-version":[{"id":7297,"href":"https:\/\/oralhistorykosovo.org\/sr\/wp-json\/wp\/v2\/posts\/4343\/revisions\/7297"}],"wp:featuredmedia":[{"embeddable":true,"href":"https:\/\/oralhistorykosovo.org\/sr\/wp-json\/wp\/v2\/media\/4195"}],"wp:attachment":[{"href":"https:\/\/oralhistorykosovo.org\/sr\/wp-json\/wp\/v2\/media?parent=4343"}],"wp:term":[{"taxonomy":"category","embeddable":true,"href":"https:\/\/oralhistorykosovo.org\/sr\/wp-json\/wp\/v2\/categories?post=4343"},{"taxonomy":"post_tag","embeddable":true,"href":"https:\/\/oralhistorykosovo.org\/sr\/wp-json\/wp\/v2\/tags?post=4343"}],"curies":[{"name":"wp","href":"https:\/\/api.w.org\/{rel}","templated":true}]}}