{"id":2812,"date":"2013-02-19T20:32:45","date_gmt":"2013-02-19T20:32:45","guid":{"rendered":"http:\/\/oralhistorykosovo.org\/sr\/vahide-hoxha\/"},"modified":"2018-01-16T10:32:44","modified_gmt":"2018-01-16T10:32:44","slug":"vahide-hoxha","status":"publish","type":"post","link":"https:\/\/oralhistorykosovo.org\/sr\/vahide-hoxha\/","title":{"rendered":"Vahide Hod\u017ea"},"content":{"rendered":"<p style=\"text-align: justify;\"><span style=\"font-weight: 400;\">Vahide Hoxha (1926-2013) je radila ceo \u017eivot kao vaspita\u010dica, bila je reformator i aktivistkinja. Ro\u0111ena u Prizrenu u naprednoj porodici Kaba\u0161i. Ona i njena sestra Rahmija bile su prve \u017eene Albanke u Prizrenu koje su zavr\u0161ile univerzitetske studije. Tokom Drugog svetskog rata, Vahidja je bila aktivna u anti-fa\u0161isti\u010dkom pokretu mladih gde je i srela mu\u017ea, partizanskog komandanta i vo\u0111u posleratnog Kosova, Fadilja Hod\u017eu. Nakon rata, Vahidja je zavr\u0161ila studij na odseku za istoriju i aktivirala se kao u\u010diteljica, istra\u017eiva\u010dica i aktivistkinja u emancipaciji \u017eena. Kao predsednica Kulturnog saveta Kosova, ona je nadgledala stvaranje serije edukativnih i kulturnih institucija \u0161irom Kosova. Do smrti je bila predsednica Udru\u017eenja veterana anti-fa\u0161isti\u010dkog narodnooslobodila\u010dkog rata na Kosovu.<\/span><\/p>\n","protected":false},"excerpt":{"rendered":"<p>Vahide Hoxha (1926-2013) je radila ceo \u017eivot kao vaspita\u010dica, bila je reformator i aktivistkinja. Ro\u0111ena u Prizrenu u naprednoj porodici&#8230;<\/p>\n","protected":false},"author":7,"featured_media":6925,"comment_status":"open","ping_status":"open","sticky":false,"template":"","format":"standard","meta":{"footnotes":""},"categories":[14,16,57],"tags":[],"class_list":["post-2812","post","type-post","status-publish","format-standard","has-post-thumbnail","hentry","category-intervjui","category-istrazivanje","category-womens-activism-sr","label-photo","label-transcript","label-video"],"_links":{"self":[{"href":"https:\/\/oralhistorykosovo.org\/sr\/wp-json\/wp\/v2\/posts\/2812","targetHints":{"allow":["GET"]}}],"collection":[{"href":"https:\/\/oralhistorykosovo.org\/sr\/wp-json\/wp\/v2\/posts"}],"about":[{"href":"https:\/\/oralhistorykosovo.org\/sr\/wp-json\/wp\/v2\/types\/post"}],"author":[{"embeddable":true,"href":"https:\/\/oralhistorykosovo.org\/sr\/wp-json\/wp\/v2\/users\/7"}],"replies":[{"embeddable":true,"href":"https:\/\/oralhistorykosovo.org\/sr\/wp-json\/wp\/v2\/comments?post=2812"}],"version-history":[{"count":17,"href":"https:\/\/oralhistorykosovo.org\/sr\/wp-json\/wp\/v2\/posts\/2812\/revisions"}],"predecessor-version":[{"id":12164,"href":"https:\/\/oralhistorykosovo.org\/sr\/wp-json\/wp\/v2\/posts\/2812\/revisions\/12164"}],"wp:featuredmedia":[{"embeddable":true,"href":"https:\/\/oralhistorykosovo.org\/sr\/wp-json\/wp\/v2\/media\/6925"}],"wp:attachment":[{"href":"https:\/\/oralhistorykosovo.org\/sr\/wp-json\/wp\/v2\/media?parent=2812"}],"wp:term":[{"taxonomy":"category","embeddable":true,"href":"https:\/\/oralhistorykosovo.org\/sr\/wp-json\/wp\/v2\/categories?post=2812"},{"taxonomy":"post_tag","embeddable":true,"href":"https:\/\/oralhistorykosovo.org\/sr\/wp-json\/wp\/v2\/tags?post=2812"}],"curies":[{"name":"wp","href":"https:\/\/api.w.org\/{rel}","templated":true}]}}