{"id":2732,"date":"2014-11-04T18:19:58","date_gmt":"2014-11-04T18:19:58","guid":{"rendered":"http:\/\/oralhistorykosovo.org\/sr\/mehmet-kraja\/"},"modified":"2017-02-25T13:07:37","modified_gmt":"2017-02-25T13:07:37","slug":"mehmet-kraja","status":"publish","type":"post","link":"https:\/\/oralhistorykosovo.org\/sr\/mehmet-kraja\/","title":{"rendered":"Mehmet Kraja"},"content":{"rendered":"<p><span style=\"font-weight: 400;\">Mehmet Kraja je ro\u0111en 1952., u Krajini, blizu Skadarkog jezera, u Crnoj Gori. Od 1974-76 je bio glavni urednik studentskih novina \u201cBota e re\u201d (\u201cNovi svet\u201d). Nakon toga je radio kao novinar i urednik kulture u novinama \u201cRilindja\u201d. Tokom godina 1992-99 \u017eiveo je i radio u Tirani. Nakon rata je bio urednik kulture u dnevnim novinama \u201cZ\u00ebri\u201d (\u201cGlas\u201d) i \u201cKoha Ditore\u201d (\u201cDnevno vreme\u201d). Od 2002. je i predava\u010d na Fakultetu umetnosti u Pri\u0161tini, gde predaje predmet filmski scenario. \u010clan je Akademije nauka i umetnosti Kosova. Do sada je objavio: 10 romana, 5 zbirki pri\u010da, 10 drama i tri knjige sa kritikama i publicistikom.<\/span><\/p>\n","protected":false},"excerpt":{"rendered":"<p>Mehmet Kraja je ro\u0111en 1952., u Krajini, blizu Skadarkog jezera, u Crnoj Gori. Od 1974-76 je bio glavni urednik studentskih&#8230;<\/p>\n","protected":false},"author":7,"featured_media":7020,"comment_status":"open","ping_status":"open","sticky":false,"template":"","format":"standard","meta":{"footnotes":""},"categories":[14,16,55],"tags":[],"class_list":["post-2732","post","type-post","status-publish","format-standard","has-post-thumbnail","hentry","category-intervjui","category-istrazivanje","category-kosovo-artists-sr","label-photo","label-transcript","label-video"],"_links":{"self":[{"href":"https:\/\/oralhistorykosovo.org\/sr\/wp-json\/wp\/v2\/posts\/2732","targetHints":{"allow":["GET"]}}],"collection":[{"href":"https:\/\/oralhistorykosovo.org\/sr\/wp-json\/wp\/v2\/posts"}],"about":[{"href":"https:\/\/oralhistorykosovo.org\/sr\/wp-json\/wp\/v2\/types\/post"}],"author":[{"embeddable":true,"href":"https:\/\/oralhistorykosovo.org\/sr\/wp-json\/wp\/v2\/users\/7"}],"replies":[{"embeddable":true,"href":"https:\/\/oralhistorykosovo.org\/sr\/wp-json\/wp\/v2\/comments?post=2732"}],"version-history":[{"count":8,"href":"https:\/\/oralhistorykosovo.org\/sr\/wp-json\/wp\/v2\/posts\/2732\/revisions"}],"predecessor-version":[{"id":9564,"href":"https:\/\/oralhistorykosovo.org\/sr\/wp-json\/wp\/v2\/posts\/2732\/revisions\/9564"}],"wp:featuredmedia":[{"embeddable":true,"href":"https:\/\/oralhistorykosovo.org\/sr\/wp-json\/wp\/v2\/media\/7020"}],"wp:attachment":[{"href":"https:\/\/oralhistorykosovo.org\/sr\/wp-json\/wp\/v2\/media?parent=2732"}],"wp:term":[{"taxonomy":"category","embeddable":true,"href":"https:\/\/oralhistorykosovo.org\/sr\/wp-json\/wp\/v2\/categories?post=2732"},{"taxonomy":"post_tag","embeddable":true,"href":"https:\/\/oralhistorykosovo.org\/sr\/wp-json\/wp\/v2\/tags?post=2732"}],"curies":[{"name":"wp","href":"https:\/\/api.w.org\/{rel}","templated":true}]}}