{"id":2689,"date":"2013-06-13T17:10:53","date_gmt":"2013-06-13T17:10:53","guid":{"rendered":"http:\/\/oralhistorykosovo.org\/sr\/remzije-dauti\/"},"modified":"2018-01-16T11:15:15","modified_gmt":"2018-01-16T11:15:15","slug":"remzije-dauti","status":"publish","type":"post","link":"https:\/\/oralhistorykosovo.org\/sr\/remzije-dauti\/","title":{"rendered":"Remzije Dauti"},"content":{"rendered":"<p style=\"text-align: justify;\">Remzije Dauti je ro\u0111ena u Mitrovici. Njena porodica poti\u010de iz Ulcinja i \u0110akovice. U Mitrovici je zavr\u0161ila U\u010diteljsku \u0160kolu i tu je srela i svog mu\u017ea Rasima. Bila je jedna od prvih \u017eena u\u010diteljica. Svoj doprinos kao aktivistkinja i u\u010diteljica dala je u Starom Trgu gde je organizovala \u017eene da ih nau\u010di da kuvaju, \u0161ivenju itd. Zajedno sa k\u0107erkom Ditom je poklonila kompjutere novoj \u0161koli u Starom Trgu. Ima tri k\u0107erke i sa mu\u017eem \u017eivi izme\u0111u SAD-a i Kosova.<\/p>\n","protected":false},"excerpt":{"rendered":"<p>Remzije Dauti je ro\u0111ena u Mitrovici. Njena porodica poti\u010de iz Ulcinja i \u0110akovice. U Mitrovici je zavr\u0161ila U\u010diteljsku \u0160kolu i&#8230;<\/p>\n","protected":false},"author":7,"featured_media":2686,"comment_status":"open","ping_status":"open","sticky":false,"template":"","format":"standard","meta":{"footnotes":""},"categories":[14,16,57],"tags":[],"class_list":["post-2689","post","type-post","status-publish","format-standard","has-post-thumbnail","hentry","category-intervjui","category-istrazivanje","category-womens-activism-sr","label-photo","label-transcript","label-video"],"_links":{"self":[{"href":"https:\/\/oralhistorykosovo.org\/sr\/wp-json\/wp\/v2\/posts\/2689","targetHints":{"allow":["GET"]}}],"collection":[{"href":"https:\/\/oralhistorykosovo.org\/sr\/wp-json\/wp\/v2\/posts"}],"about":[{"href":"https:\/\/oralhistorykosovo.org\/sr\/wp-json\/wp\/v2\/types\/post"}],"author":[{"embeddable":true,"href":"https:\/\/oralhistorykosovo.org\/sr\/wp-json\/wp\/v2\/users\/7"}],"replies":[{"embeddable":true,"href":"https:\/\/oralhistorykosovo.org\/sr\/wp-json\/wp\/v2\/comments?post=2689"}],"version-history":[{"count":15,"href":"https:\/\/oralhistorykosovo.org\/sr\/wp-json\/wp\/v2\/posts\/2689\/revisions"}],"predecessor-version":[{"id":12183,"href":"https:\/\/oralhistorykosovo.org\/sr\/wp-json\/wp\/v2\/posts\/2689\/revisions\/12183"}],"wp:featuredmedia":[{"embeddable":true,"href":"https:\/\/oralhistorykosovo.org\/sr\/wp-json\/wp\/v2\/media\/2686"}],"wp:attachment":[{"href":"https:\/\/oralhistorykosovo.org\/sr\/wp-json\/wp\/v2\/media?parent=2689"}],"wp:term":[{"taxonomy":"category","embeddable":true,"href":"https:\/\/oralhistorykosovo.org\/sr\/wp-json\/wp\/v2\/categories?post=2689"},{"taxonomy":"post_tag","embeddable":true,"href":"https:\/\/oralhistorykosovo.org\/sr\/wp-json\/wp\/v2\/tags?post=2689"}],"curies":[{"name":"wp","href":"https:\/\/api.w.org\/{rel}","templated":true}]}}