{"id":2674,"date":"2013-07-31T16:26:08","date_gmt":"2013-07-31T16:26:08","guid":{"rendered":"http:\/\/oralhistorykosovo.org\/sr\/pajazit-nushi\/"},"modified":"2018-01-16T12:30:29","modified_gmt":"2018-01-16T12:30:29","slug":"pajazit-nushi","status":"publish","type":"post","link":"https:\/\/oralhistorykosovo.org\/sr\/pajazit-nushi\/","title":{"rendered":"Pajazit Nu\u0161i"},"content":{"rendered":"<p style=\"text-align: justify;\">Pajazit Nushi je ro\u0111en 8. januara 1933. u \u0110akovici. On je bio \u010dlan Akademije nauke i umetnosti Kosova i bio je profesor psihologije i logike u \u0111akova\u010dkoj Gimnaziji, u U\u010diteljskim \u0161kolama u Prizrenu i Pri\u0161tini, u Vi\u0161oj pedago\u0161koj \u0161koli u Pri\u0161tini i na Filozofskom fakultetu u Pri\u0161tini. Obavljao je razne administrativne i politi\u010dke zadatke na nivou op\u0161tine, okruga, Kosova i biv\u0161e-Federacije Jugoslavije, na kojima se uglavnom bavio pitanjem organizacije sistema \u0161kolovanja. Od 1982. godine je radio u zagreba\u010dkom Leksikografskom zavodu Miroslav Krle\u017ea, u kosovskoj redakciji, gde je obavio zadatak urednika Enciklopedije Jugoslavije u izdanju na albanskom jeziku. 31. septembra 1991., zbog politi\u010dkih razloga, je primoran da ode u prevremenu penziju, ali je nastavio sa radom na Filozofskom fakultetu Univerziteta u Pri\u0161tini. Bio je predsednik Saveta za za\u0161titu ljudskih prava i sloboda 12 godina. Pre njegove smrti,\u00a0on je bio potpredsednik Akademije Nauka i Umetnosti Kosova.<\/p>\n","protected":false},"excerpt":{"rendered":"<p>Pajazit Nushi je ro\u0111en 8. januara 1933. u \u0110akovici. On je bio \u010dlan Akademije nauke i umetnosti Kosova i bio&#8230;<\/p>\n","protected":false},"author":7,"featured_media":6922,"comment_status":"open","ping_status":"open","sticky":false,"template":"","format":"standard","meta":{"footnotes":""},"categories":[52,14,16],"tags":[],"class_list":["post-2674","post","type-post","status-publish","format-standard","has-post-thumbnail","hentry","category-the-second-world-war-sr-2","category-intervjui","category-istrazivanje","label-photo","label-transcript","label-video"],"_links":{"self":[{"href":"https:\/\/oralhistorykosovo.org\/sr\/wp-json\/wp\/v2\/posts\/2674","targetHints":{"allow":["GET"]}}],"collection":[{"href":"https:\/\/oralhistorykosovo.org\/sr\/wp-json\/wp\/v2\/posts"}],"about":[{"href":"https:\/\/oralhistorykosovo.org\/sr\/wp-json\/wp\/v2\/types\/post"}],"author":[{"embeddable":true,"href":"https:\/\/oralhistorykosovo.org\/sr\/wp-json\/wp\/v2\/users\/7"}],"replies":[{"embeddable":true,"href":"https:\/\/oralhistorykosovo.org\/sr\/wp-json\/wp\/v2\/comments?post=2674"}],"version-history":[{"count":12,"href":"https:\/\/oralhistorykosovo.org\/sr\/wp-json\/wp\/v2\/posts\/2674\/revisions"}],"predecessor-version":[{"id":12221,"href":"https:\/\/oralhistorykosovo.org\/sr\/wp-json\/wp\/v2\/posts\/2674\/revisions\/12221"}],"wp:featuredmedia":[{"embeddable":true,"href":"https:\/\/oralhistorykosovo.org\/sr\/wp-json\/wp\/v2\/media\/6922"}],"wp:attachment":[{"href":"https:\/\/oralhistorykosovo.org\/sr\/wp-json\/wp\/v2\/media?parent=2674"}],"wp:term":[{"taxonomy":"category","embeddable":true,"href":"https:\/\/oralhistorykosovo.org\/sr\/wp-json\/wp\/v2\/categories?post=2674"},{"taxonomy":"post_tag","embeddable":true,"href":"https:\/\/oralhistorykosovo.org\/sr\/wp-json\/wp\/v2\/tags?post=2674"}],"curies":[{"name":"wp","href":"https:\/\/api.w.org\/{rel}","templated":true}]}}