{"id":26541,"date":"2020-10-23T12:33:35","date_gmt":"2020-10-23T12:33:35","guid":{"rendered":"https:\/\/oralhistorykosovo.org\/?p=26541"},"modified":"2025-10-14T12:42:15","modified_gmt":"2025-10-14T12:42:15","slug":"ljuljeta-ceku","status":"publish","type":"post","link":"https:\/\/oralhistorykosovo.org\/sr\/ljuljeta-ceku\/","title":{"rendered":"Ljuljeta \u0106eku"},"content":{"rendered":"<p><span style=\"font-weight: 400;\">Ljuljeta \u010ceku je ro\u0111ena 1953. godine u Prizrenu. Nagra\u0111ivana je glumica i pozori\u0161ni reditelj. Gospo\u0111a \u010ceku studije glume zavr\u0161ila je na Visokoj pedago\u0161koj \u0161koli Univerziteta u Pri\u0161tini 1971. godine. Iste godine se zaposlila kao glumica u Narodnom pozori\u0161tu u Pri\u0161tini. 1972. godine preselila se u Gradsko pozori\u0161te Prizrena. Kasnije, 1980. godine, specijalizovala se za pozori\u0161nu re\u017eiju na Akademiji scenskih umetnosti &#8211; DAMU u Pragu. Po povratku iz Praga nastavila je tamo gde je stala u Prizrenskom gradskom pozori\u0161tu kao glumica i pozori\u0161na rediteljka brojnih predstava albanskih i stranih autora. Od 1992. godine, gospo\u0111a \u010ceku \u017eivi i radi izme\u0111u Prizrena i Londona.<\/span><\/p>\n","protected":false},"excerpt":{"rendered":"<p>Ljuljeta \u010ceku je ro\u0111ena 1953. godine u Prizrenu. Nagra\u0111ivana je glumica i pozori\u0161ni reditelj. Gospo\u0111a \u010ceku studije glume zavr\u0161ila je&#8230;<\/p>\n","protected":false},"author":564,"featured_media":26536,"comment_status":"open","ping_status":"open","sticky":false,"template":"","format":"standard","meta":{"footnotes":""},"categories":[14],"tags":[],"class_list":["post-26541","post","type-post","status-publish","format-standard","has-post-thumbnail","hentry","category-intervjui"],"_links":{"self":[{"href":"https:\/\/oralhistorykosovo.org\/sr\/wp-json\/wp\/v2\/posts\/26541","targetHints":{"allow":["GET"]}}],"collection":[{"href":"https:\/\/oralhistorykosovo.org\/sr\/wp-json\/wp\/v2\/posts"}],"about":[{"href":"https:\/\/oralhistorykosovo.org\/sr\/wp-json\/wp\/v2\/types\/post"}],"author":[{"embeddable":true,"href":"https:\/\/oralhistorykosovo.org\/sr\/wp-json\/wp\/v2\/users\/564"}],"replies":[{"embeddable":true,"href":"https:\/\/oralhistorykosovo.org\/sr\/wp-json\/wp\/v2\/comments?post=26541"}],"version-history":[{"count":2,"href":"https:\/\/oralhistorykosovo.org\/sr\/wp-json\/wp\/v2\/posts\/26541\/revisions"}],"predecessor-version":[{"id":26563,"href":"https:\/\/oralhistorykosovo.org\/sr\/wp-json\/wp\/v2\/posts\/26541\/revisions\/26563"}],"wp:featuredmedia":[{"embeddable":true,"href":"https:\/\/oralhistorykosovo.org\/sr\/wp-json\/wp\/v2\/media\/26536"}],"wp:attachment":[{"href":"https:\/\/oralhistorykosovo.org\/sr\/wp-json\/wp\/v2\/media?parent=26541"}],"wp:term":[{"taxonomy":"category","embeddable":true,"href":"https:\/\/oralhistorykosovo.org\/sr\/wp-json\/wp\/v2\/categories?post=26541"},{"taxonomy":"post_tag","embeddable":true,"href":"https:\/\/oralhistorykosovo.org\/sr\/wp-json\/wp\/v2\/tags?post=26541"}],"curies":[{"name":"wp","href":"https:\/\/api.w.org\/{rel}","templated":true}]}}