{"id":2495,"date":"2013-07-08T10:45:33","date_gmt":"2013-07-08T10:45:33","guid":{"rendered":"http:\/\/oralhistorykosovo.org\/sr\/vehap-shita\/"},"modified":"2018-01-16T11:49:20","modified_gmt":"2018-01-16T11:49:20","slug":"vehap-shita","status":"publish","type":"post","link":"https:\/\/oralhistorykosovo.org\/sr\/vehap-shita\/","title":{"rendered":"Vehap \u0160ita"},"content":{"rendered":"<p style=\"text-align: justify;\">Vehap \u0160ita je ro\u0111en u \u0110akovici 1923. godine. On je kriti\u010dar i pisac, dugogodi\u0161nji novinar i prevodioc knji\u017eevnih dela. Bio je urednik kulture u dnevnom listu \u201cRilindja\u201d, zatim u \u201cJeta e Re\u201d i u \u010dasopisu \u201cScena\u201d iz Novog Sada. Shita je jedan od osniva\u010da Dru\u0161tva Pisaca Kosova 1970. godine i Saveta za Za\u0161titu Ljudskih Prava. Bio je Predsednik Udru\u017eenja Veterana Narodnooslobodila\u010dkog Anti-Fa\u0161isti\u010dkog Rata Kosova.\u00a0Umro je 8. novembra 2015. godine.<\/p>\n","protected":false},"excerpt":{"rendered":"<p>Vehap \u0160ita je ro\u0111en u \u0110akovici 1923. godine. On je kriti\u010dar i pisac, dugogodi\u0161nji novinar i prevodioc knji\u017eevnih dela. Bio&#8230;<\/p>\n","protected":false},"author":7,"featured_media":3748,"comment_status":"open","ping_status":"open","sticky":false,"template":"","format":"standard","meta":{"footnotes":""},"categories":[52,14,16,55],"tags":[],"class_list":["post-2495","post","type-post","status-publish","format-standard","has-post-thumbnail","hentry","category-the-second-world-war-sr-2","category-intervjui","category-istrazivanje","category-kosovo-artists-sr","label-photo","label-transcript","label-video"],"_links":{"self":[{"href":"https:\/\/oralhistorykosovo.org\/sr\/wp-json\/wp\/v2\/posts\/2495","targetHints":{"allow":["GET"]}}],"collection":[{"href":"https:\/\/oralhistorykosovo.org\/sr\/wp-json\/wp\/v2\/posts"}],"about":[{"href":"https:\/\/oralhistorykosovo.org\/sr\/wp-json\/wp\/v2\/types\/post"}],"author":[{"embeddable":true,"href":"https:\/\/oralhistorykosovo.org\/sr\/wp-json\/wp\/v2\/users\/7"}],"replies":[{"embeddable":true,"href":"https:\/\/oralhistorykosovo.org\/sr\/wp-json\/wp\/v2\/comments?post=2495"}],"version-history":[{"count":26,"href":"https:\/\/oralhistorykosovo.org\/sr\/wp-json\/wp\/v2\/posts\/2495\/revisions"}],"predecessor-version":[{"id":12200,"href":"https:\/\/oralhistorykosovo.org\/sr\/wp-json\/wp\/v2\/posts\/2495\/revisions\/12200"}],"wp:featuredmedia":[{"embeddable":true,"href":"https:\/\/oralhistorykosovo.org\/sr\/wp-json\/wp\/v2\/media\/3748"}],"wp:attachment":[{"href":"https:\/\/oralhistorykosovo.org\/sr\/wp-json\/wp\/v2\/media?parent=2495"}],"wp:term":[{"taxonomy":"category","embeddable":true,"href":"https:\/\/oralhistorykosovo.org\/sr\/wp-json\/wp\/v2\/categories?post=2495"},{"taxonomy":"post_tag","embeddable":true,"href":"https:\/\/oralhistorykosovo.org\/sr\/wp-json\/wp\/v2\/tags?post=2495"}],"curies":[{"name":"wp","href":"https:\/\/api.w.org\/{rel}","templated":true}]}}