{"id":24598,"date":"2023-05-22T12:23:23","date_gmt":"2023-05-22T12:23:23","guid":{"rendered":"https:\/\/oralhistorykosovo.org\/idriz-mehmeti\/"},"modified":"2025-08-21T12:27:03","modified_gmt":"2025-08-21T12:27:03","slug":"idriz-mehmeti","status":"publish","type":"post","link":"https:\/\/oralhistorykosovo.org\/sr\/idriz-mehmeti\/","title":{"rendered":"Idriz Mehmeti"},"content":{"rendered":"<p><span style=\"font-weight: 400;\">Idriz Mehmeti je ro\u0111en 1956. godine u selu Krasmirofc, op\u0161tina Srbica. Zavr\u0161io je srednju tehni\u010dku \u0161kolu \u201c9. novembar\u201d u Pri\u0161tini. 1975. godine uhap\u0161en je zbog politi\u010dke aktivnosti. Po izlasku iz zatvora radio je u fabrici \u0161ljunaka u Klini. 1994. godine emigrirao je u \u0160vajcarsku, gde je nastavio politi\u010dko delovanje. Gospodin Mehmeti je sada u penziji i \u017eivi sa porodicom u \u0160vajcarskoj.<\/span><\/p>\n","protected":false},"excerpt":{"rendered":"<p>Idriz Mehmeti je ro\u0111en 1956. godine u selu Krasmirofc, op\u0161tina Srbica. Zavr\u0161io je srednju tehni\u010dku \u0161kolu \u201c9. novembar\u201d u Pri\u0161tini&#8230;.<\/p>\n","protected":false},"author":564,"featured_media":24594,"comment_status":"open","ping_status":"open","sticky":false,"template":"","format":"standard","meta":{"footnotes":""},"categories":[142,14,16],"tags":[],"class_list":["post-24598","post","type-post","status-publish","format-standard","has-post-thumbnail","hentry","category-former-political-prisoners-of-yugoslavia-sr","category-intervjui","category-istrazivanje"],"_links":{"self":[{"href":"https:\/\/oralhistorykosovo.org\/sr\/wp-json\/wp\/v2\/posts\/24598","targetHints":{"allow":["GET"]}}],"collection":[{"href":"https:\/\/oralhistorykosovo.org\/sr\/wp-json\/wp\/v2\/posts"}],"about":[{"href":"https:\/\/oralhistorykosovo.org\/sr\/wp-json\/wp\/v2\/types\/post"}],"author":[{"embeddable":true,"href":"https:\/\/oralhistorykosovo.org\/sr\/wp-json\/wp\/v2\/users\/564"}],"replies":[{"embeddable":true,"href":"https:\/\/oralhistorykosovo.org\/sr\/wp-json\/wp\/v2\/comments?post=24598"}],"version-history":[{"count":1,"href":"https:\/\/oralhistorykosovo.org\/sr\/wp-json\/wp\/v2\/posts\/24598\/revisions"}],"predecessor-version":[{"id":24601,"href":"https:\/\/oralhistorykosovo.org\/sr\/wp-json\/wp\/v2\/posts\/24598\/revisions\/24601"}],"wp:featuredmedia":[{"embeddable":true,"href":"https:\/\/oralhistorykosovo.org\/sr\/wp-json\/wp\/v2\/media\/24594"}],"wp:attachment":[{"href":"https:\/\/oralhistorykosovo.org\/sr\/wp-json\/wp\/v2\/media?parent=24598"}],"wp:term":[{"taxonomy":"category","embeddable":true,"href":"https:\/\/oralhistorykosovo.org\/sr\/wp-json\/wp\/v2\/categories?post=24598"},{"taxonomy":"post_tag","embeddable":true,"href":"https:\/\/oralhistorykosovo.org\/sr\/wp-json\/wp\/v2\/tags?post=24598"}],"curies":[{"name":"wp","href":"https:\/\/api.w.org\/{rel}","templated":true}]}}