{"id":23946,"date":"2024-04-22T12:09:24","date_gmt":"2024-04-22T12:09:24","guid":{"rendered":"https:\/\/oralhistorykosovo.org\/sakibe-doli\/"},"modified":"2025-08-11T12:11:52","modified_gmt":"2025-08-11T12:11:52","slug":"sakibe-doli","status":"publish","type":"post","link":"https:\/\/oralhistorykosovo.org\/sr\/sakibe-doli\/","title":{"rendered":"Sakibe Dolji"},"content":{"rendered":"<p><span style=\"font-weight: 400;\">Sakibe Dolji je ro\u0111ena 1953. godine u \u0110akovici. Diplomirala je na odseku za albanski jezik Filolo\u0161kog fakulteta Univerziteta u Pri\u0161tini. Po zavr\u0161etku studija radila je kao u\u010diteljica u \u0161koli \u201cPjeter Bogdani\u201d u Demjanu. Godine 2000. bila je suosniva\u010d skloni\u0161ta za \u017eene i decu u \u0110akovici, koje jo\u0161 uvek funkcioni\u0161e. Tokom rata bila je anga\u017eovana na logistici u okviru OVK. Sada je u penziji i \u017eivi sa porodicom u \u0110akovici.<\/span><\/p>\n","protected":false},"excerpt":{"rendered":"<p>Sakibe Dolji je ro\u0111ena 1953. godine u \u0110akovici. Diplomirala je na odseku za albanski jezik Filolo\u0161kog fakulteta Univerziteta u Pri\u0161tini&#8230;.<\/p>\n","protected":false},"author":564,"featured_media":23942,"comment_status":"open","ping_status":"open","sticky":false,"template":"","format":"standard","meta":{"footnotes":""},"categories":[142,14,16],"tags":[],"class_list":["post-23946","post","type-post","status-publish","format-standard","has-post-thumbnail","hentry","category-former-political-prisoners-of-yugoslavia-sr","category-intervjui","category-istrazivanje"],"_links":{"self":[{"href":"https:\/\/oralhistorykosovo.org\/sr\/wp-json\/wp\/v2\/posts\/23946","targetHints":{"allow":["GET"]}}],"collection":[{"href":"https:\/\/oralhistorykosovo.org\/sr\/wp-json\/wp\/v2\/posts"}],"about":[{"href":"https:\/\/oralhistorykosovo.org\/sr\/wp-json\/wp\/v2\/types\/post"}],"author":[{"embeddable":true,"href":"https:\/\/oralhistorykosovo.org\/sr\/wp-json\/wp\/v2\/users\/564"}],"replies":[{"embeddable":true,"href":"https:\/\/oralhistorykosovo.org\/sr\/wp-json\/wp\/v2\/comments?post=23946"}],"version-history":[{"count":2,"href":"https:\/\/oralhistorykosovo.org\/sr\/wp-json\/wp\/v2\/posts\/23946\/revisions"}],"predecessor-version":[{"id":23949,"href":"https:\/\/oralhistorykosovo.org\/sr\/wp-json\/wp\/v2\/posts\/23946\/revisions\/23949"}],"wp:featuredmedia":[{"embeddable":true,"href":"https:\/\/oralhistorykosovo.org\/sr\/wp-json\/wp\/v2\/media\/23942"}],"wp:attachment":[{"href":"https:\/\/oralhistorykosovo.org\/sr\/wp-json\/wp\/v2\/media?parent=23946"}],"wp:term":[{"taxonomy":"category","embeddable":true,"href":"https:\/\/oralhistorykosovo.org\/sr\/wp-json\/wp\/v2\/categories?post=23946"},{"taxonomy":"post_tag","embeddable":true,"href":"https:\/\/oralhistorykosovo.org\/sr\/wp-json\/wp\/v2\/tags?post=23946"}],"curies":[{"name":"wp","href":"https:\/\/api.w.org\/{rel}","templated":true}]}}