{"id":23194,"date":"2025-01-27T10:44:04","date_gmt":"2025-01-27T10:44:04","guid":{"rendered":"https:\/\/oralhistorykosovo.org\/hanemshahe-ilazi\/"},"modified":"2025-06-18T10:47:34","modified_gmt":"2025-06-18T10:47:34","slug":"hanemshahe-ilazi","status":"publish","type":"post","link":"https:\/\/oralhistorykosovo.org\/sr\/hanemshahe-ilazi\/","title":{"rendered":"Hanem\u0161ahe Iljazi"},"content":{"rendered":"<p>Hanem\u0161ahe Iljazi je ro\u0111ena 1946. godine u selu Sarai\u0161te, op\u0161tina Uro\u0161evac. Diplomirala je na Odseku za albanski jezik i knji\u017eevnost Univerziteta u Pri\u0161tini. Radila je kao u\u010diteljica u osnovnoj \u0161koli \u201c\u0110on Sere\u010di\u201d u Uro\u0161evcu, a zatim je radila kao u\u010diteljica u osnovnoj \u0161koli \u201cElena \u0110ika\u201d u Pri\u0161tini, do penzionisanja. Tokom kosovskog rata bavila se logistikom. Neke od knjiga koje je objavila su \u201cDrenico, uz tebe smo\u201d, \u201cDa li se ubijaju an\u0111eli?\u201d, \u201cZnamne \u017eene albanskih zemalja\u201d i druge. \u017divi sa porodicom u Pri\u0161tini.<\/p>\n","protected":false},"excerpt":{"rendered":"<p>Hanem\u0161ahe Iljazi je ro\u0111ena 1946. godine u selu Sarai\u0161te, op\u0161tina Uro\u0161evac. Diplomirala je na Odseku za albanski jezik i knji\u017eevnost&#8230;<\/p>\n","protected":false},"author":564,"featured_media":23190,"comment_status":"open","ping_status":"open","sticky":false,"template":"","format":"standard","meta":{"footnotes":""},"categories":[142,14,16],"tags":[],"class_list":["post-23194","post","type-post","status-publish","format-standard","has-post-thumbnail","hentry","category-former-political-prisoners-of-yugoslavia-sr","category-intervjui","category-istrazivanje"],"_links":{"self":[{"href":"https:\/\/oralhistorykosovo.org\/sr\/wp-json\/wp\/v2\/posts\/23194","targetHints":{"allow":["GET"]}}],"collection":[{"href":"https:\/\/oralhistorykosovo.org\/sr\/wp-json\/wp\/v2\/posts"}],"about":[{"href":"https:\/\/oralhistorykosovo.org\/sr\/wp-json\/wp\/v2\/types\/post"}],"author":[{"embeddable":true,"href":"https:\/\/oralhistorykosovo.org\/sr\/wp-json\/wp\/v2\/users\/564"}],"replies":[{"embeddable":true,"href":"https:\/\/oralhistorykosovo.org\/sr\/wp-json\/wp\/v2\/comments?post=23194"}],"version-history":[{"count":2,"href":"https:\/\/oralhistorykosovo.org\/sr\/wp-json\/wp\/v2\/posts\/23194\/revisions"}],"predecessor-version":[{"id":23198,"href":"https:\/\/oralhistorykosovo.org\/sr\/wp-json\/wp\/v2\/posts\/23194\/revisions\/23198"}],"wp:featuredmedia":[{"embeddable":true,"href":"https:\/\/oralhistorykosovo.org\/sr\/wp-json\/wp\/v2\/media\/23190"}],"wp:attachment":[{"href":"https:\/\/oralhistorykosovo.org\/sr\/wp-json\/wp\/v2\/media?parent=23194"}],"wp:term":[{"taxonomy":"category","embeddable":true,"href":"https:\/\/oralhistorykosovo.org\/sr\/wp-json\/wp\/v2\/categories?post=23194"},{"taxonomy":"post_tag","embeddable":true,"href":"https:\/\/oralhistorykosovo.org\/sr\/wp-json\/wp\/v2\/tags?post=23194"}],"curies":[{"name":"wp","href":"https:\/\/api.w.org\/{rel}","templated":true}]}}