{"id":2283,"date":"2012-07-03T21:36:28","date_gmt":"2012-07-03T21:36:28","guid":{"rendered":"http:\/\/oralhistorykosovo.org\/sr\/?p=2283"},"modified":"2017-05-11T13:54:24","modified_gmt":"2017-05-11T13:54:24","slug":"nazlie-bala","status":"publish","type":"post","link":"https:\/\/oralhistorykosovo.org\/sr\/nazlie-bala\/","title":{"rendered":"Nazljije Balja"},"content":{"rendered":"<p>Nazlie Bala je ro\u0111ena 17 maja 1967 godine u Pri\u0161tini. Diplomirala je na ekonomskom fakultetu u Pri\u0161tini. \u010clanica rukovo\u0111stva Samoopredeljnja zadu\u017eena za pitanje \u017eena, aktivistkinja za ljudska prava i stru\u010dnjak za sigurnost. Radila je kao savetnica pri Vladi Kosova i bila na visokim funkcijama u me\u0111unarodnim organizacijama kao \u0161to su Program Ujedinjenih naroda za razvoj i Organizaciji za evropsku bezbednost i saradnju. Ona je jedna od prvih aktivistkinja u Savetu za odbranu ljudskih prava i sloboda na Kosovu 1989 godine. 2000 godine francuska vlada joj je dodelila nagradu 2000 milenijuma za njen doprinos ljudskim pravima. Nazlie je juniorski \u0161ampion \u0161aha na Kosovu, nosi plavi pojas u d\u017eudou i svira klarinet.<\/p>\n","protected":false},"excerpt":{"rendered":"<p>Nazlie Bala je ro\u0111ena 17 maja 1967 godine u Pri\u0161tini. Diplomirala je na ekonomskom fakultetu u Pri\u0161tini. \u010clanica rukovo\u0111stva Samoopredeljnja&#8230;<\/p>\n","protected":false},"author":7,"featured_media":2287,"comment_status":"open","ping_status":"open","sticky":false,"template":"","format":"standard","meta":{"footnotes":""},"categories":[14,16,57],"tags":[],"class_list":["post-2283","post","type-post","status-publish","format-standard","has-post-thumbnail","hentry","category-intervjui","category-istrazivanje","category-womens-activism-sr","label-video"],"_links":{"self":[{"href":"https:\/\/oralhistorykosovo.org\/sr\/wp-json\/wp\/v2\/posts\/2283","targetHints":{"allow":["GET"]}}],"collection":[{"href":"https:\/\/oralhistorykosovo.org\/sr\/wp-json\/wp\/v2\/posts"}],"about":[{"href":"https:\/\/oralhistorykosovo.org\/sr\/wp-json\/wp\/v2\/types\/post"}],"author":[{"embeddable":true,"href":"https:\/\/oralhistorykosovo.org\/sr\/wp-json\/wp\/v2\/users\/7"}],"replies":[{"embeddable":true,"href":"https:\/\/oralhistorykosovo.org\/sr\/wp-json\/wp\/v2\/comments?post=2283"}],"version-history":[{"count":14,"href":"https:\/\/oralhistorykosovo.org\/sr\/wp-json\/wp\/v2\/posts\/2283\/revisions"}],"predecessor-version":[{"id":10342,"href":"https:\/\/oralhistorykosovo.org\/sr\/wp-json\/wp\/v2\/posts\/2283\/revisions\/10342"}],"wp:featuredmedia":[{"embeddable":true,"href":"https:\/\/oralhistorykosovo.org\/sr\/wp-json\/wp\/v2\/media\/2287"}],"wp:attachment":[{"href":"https:\/\/oralhistorykosovo.org\/sr\/wp-json\/wp\/v2\/media?parent=2283"}],"wp:term":[{"taxonomy":"category","embeddable":true,"href":"https:\/\/oralhistorykosovo.org\/sr\/wp-json\/wp\/v2\/categories?post=2283"},{"taxonomy":"post_tag","embeddable":true,"href":"https:\/\/oralhistorykosovo.org\/sr\/wp-json\/wp\/v2\/tags?post=2283"}],"curies":[{"name":"wp","href":"https:\/\/api.w.org\/{rel}","templated":true}]}}