{"id":2237,"date":"2015-12-13T19:41:23","date_gmt":"2015-12-13T19:41:23","guid":{"rendered":"http:\/\/oralhistorykosovo.org\/sr\/adem-grabovci\/"},"modified":"2017-02-25T02:05:33","modified_gmt":"2017-02-25T02:05:33","slug":"adem-grabovci","status":"publish","type":"post","link":"https:\/\/oralhistorykosovo.org\/sr\/adem-grabovci\/","title":{"rendered":"Adem Grabovci"},"content":{"rendered":"<p>Adem Grabovci (1960.) je ro\u0111en u selu Staraduran, op\u0161tina Istok. Bio je politi\u010dki zatvorenik od 1984-1989. i jedan od osniva\u010da Pokreta za oprost krvi 1990. Nakon prebega\u00a0 u \u0160vajcarsku,bio je predsednik Narodnog pokreta i \u010dlan Narodnog pokreta za dijasporu. On je jedan od osniva\u010da fonda \u201cOtad\u017ebina zove\u201d [&#8222;Vendlindja Th\u00ebrret&#8220;], jedan od osniva\u010da OVK i \u010dlan Glavnog \u0161taba OVK. Na izborima 17.novembra 2007. je izabran za poslanika Skup\u0161tine Republike Kosova iz redova Demokratske partije Kosova.<\/p>\n","protected":false},"excerpt":{"rendered":"<p>Adem Grabovci (1960.) je ro\u0111en u selu Staraduran, op\u0161tina Istok. Bio je politi\u010dki zatvorenik od 1984-1989. i jedan od osniva\u010da&#8230;<\/p>\n","protected":false},"author":7,"featured_media":3384,"comment_status":"open","ping_status":"open","sticky":false,"template":"","format":"standard","meta":{"footnotes":""},"categories":[14,53],"tags":[],"class_list":["post-2237","post","type-post","status-publish","format-standard","has-post-thumbnail","hentry","category-intervjui","category-blood-feuds-and-reconcliliation-sr","label-photo","label-transcript","label-video"],"_links":{"self":[{"href":"https:\/\/oralhistorykosovo.org\/sr\/wp-json\/wp\/v2\/posts\/2237","targetHints":{"allow":["GET"]}}],"collection":[{"href":"https:\/\/oralhistorykosovo.org\/sr\/wp-json\/wp\/v2\/posts"}],"about":[{"href":"https:\/\/oralhistorykosovo.org\/sr\/wp-json\/wp\/v2\/types\/post"}],"author":[{"embeddable":true,"href":"https:\/\/oralhistorykosovo.org\/sr\/wp-json\/wp\/v2\/users\/7"}],"replies":[{"embeddable":true,"href":"https:\/\/oralhistorykosovo.org\/sr\/wp-json\/wp\/v2\/comments?post=2237"}],"version-history":[{"count":22,"href":"https:\/\/oralhistorykosovo.org\/sr\/wp-json\/wp\/v2\/posts\/2237\/revisions"}],"predecessor-version":[{"id":9367,"href":"https:\/\/oralhistorykosovo.org\/sr\/wp-json\/wp\/v2\/posts\/2237\/revisions\/9367"}],"wp:featuredmedia":[{"embeddable":true,"href":"https:\/\/oralhistorykosovo.org\/sr\/wp-json\/wp\/v2\/media\/3384"}],"wp:attachment":[{"href":"https:\/\/oralhistorykosovo.org\/sr\/wp-json\/wp\/v2\/media?parent=2237"}],"wp:term":[{"taxonomy":"category","embeddable":true,"href":"https:\/\/oralhistorykosovo.org\/sr\/wp-json\/wp\/v2\/categories?post=2237"},{"taxonomy":"post_tag","embeddable":true,"href":"https:\/\/oralhistorykosovo.org\/sr\/wp-json\/wp\/v2\/tags?post=2237"}],"curies":[{"name":"wp","href":"https:\/\/api.w.org\/{rel}","templated":true}]}}