{"id":15702,"date":"2019-06-07T10:50:00","date_gmt":"2019-06-07T10:50:00","guid":{"rendered":"http:\/\/oralhistorykosovo.org\/momcilo-trajkovic\/"},"modified":"2025-06-05T11:11:30","modified_gmt":"2025-06-05T11:11:30","slug":"momcilo-trajkovic","status":"publish","type":"post","link":"https:\/\/oralhistorykosovo.org\/sr\/momcilo-trajkovic\/","title":{"rendered":"Mom\u010dilo Trajkovi\u0107"},"content":{"rendered":"<p style=\"text-align: justify;\"><span style=\"font-weight: 400;\">Mom\u010dilo Trajkovi\u0107 je ro\u0111en 5. Novembra 1950. godine u \u010caglavici kod Pri\u0161tine. Pravni fakultet zavr\u0161io je na Univerzitetu u Pri\u0161tini. Radni odnos zasnovao u Pokrajinskom sekretarijatu za rad kao stru\u010dni savetnik o odnosima za inostranstvo. Tokom godina 1986-1989 radio je kao izvr\u0161ni sekretar u Izvr\u0161nom Ve\u0107u, a posle toga dve godine kao sekretar Op\u0161tinskog komiteta Pri\u0161tine. Od 1993. godine Trajkovi\u0107 bio je direktor u zemljoradni\u010dkoj zadruzi \u201cRatar\u201d Laplje Selo. Posle rata bio je anga\u017eovan u Srpskom pokretu otpora. Danas, on \u017eivi izme\u0111u \u010caglavice i Beograda i u slobodno vreme svira srpsku tradicionalnu muziku. <\/span><\/p>\n","protected":false},"excerpt":{"rendered":"<p>Mom\u010dilo Trajkovi\u0107 je ro\u0111en 5. Novembra 1950. godine u \u010caglavici kod Pri\u0161tine. Pravni fakultet zavr\u0161io je na Univerzitetu u Pri\u0161tini&#8230;.<\/p>\n","protected":false},"author":14,"featured_media":22320,"comment_status":"open","ping_status":"open","sticky":false,"template":"","format":"standard","meta":{"footnotes":""},"categories":[14,92,97],"tags":[],"class_list":["post-15702","post","type-post","status-publish","format-standard","has-post-thumbnail","hentry","category-intervjui","category-pristina-seta","category-prishtina-walks-sr"],"_links":{"self":[{"href":"https:\/\/oralhistorykosovo.org\/sr\/wp-json\/wp\/v2\/posts\/15702","targetHints":{"allow":["GET"]}}],"collection":[{"href":"https:\/\/oralhistorykosovo.org\/sr\/wp-json\/wp\/v2\/posts"}],"about":[{"href":"https:\/\/oralhistorykosovo.org\/sr\/wp-json\/wp\/v2\/types\/post"}],"author":[{"embeddable":true,"href":"https:\/\/oralhistorykosovo.org\/sr\/wp-json\/wp\/v2\/users\/14"}],"replies":[{"embeddable":true,"href":"https:\/\/oralhistorykosovo.org\/sr\/wp-json\/wp\/v2\/comments?post=15702"}],"version-history":[{"count":5,"href":"https:\/\/oralhistorykosovo.org\/sr\/wp-json\/wp\/v2\/posts\/15702\/revisions"}],"predecessor-version":[{"id":22323,"href":"https:\/\/oralhistorykosovo.org\/sr\/wp-json\/wp\/v2\/posts\/15702\/revisions\/22323"}],"wp:featuredmedia":[{"embeddable":true,"href":"https:\/\/oralhistorykosovo.org\/sr\/wp-json\/wp\/v2\/media\/22320"}],"wp:attachment":[{"href":"https:\/\/oralhistorykosovo.org\/sr\/wp-json\/wp\/v2\/media?parent=15702"}],"wp:term":[{"taxonomy":"category","embeddable":true,"href":"https:\/\/oralhistorykosovo.org\/sr\/wp-json\/wp\/v2\/categories?post=15702"},{"taxonomy":"post_tag","embeddable":true,"href":"https:\/\/oralhistorykosovo.org\/sr\/wp-json\/wp\/v2\/tags?post=15702"}],"curies":[{"name":"wp","href":"https:\/\/api.w.org\/{rel}","templated":true}]}}