{"id":15575,"date":"2019-05-03T09:35:30","date_gmt":"2019-05-03T09:35:30","guid":{"rendered":"http:\/\/oralhistorykosovo.org\/xhemajl-petrovci\/"},"modified":"2025-06-05T11:37:12","modified_gmt":"2025-06-05T11:37:12","slug":"xhemajl-petrovci","status":"publish","type":"post","link":"https:\/\/oralhistorykosovo.org\/sr\/xhemajl-petrovci\/","title":{"rendered":"D\u017eemajl Petrovci"},"content":{"rendered":"<p style=\"text-align: justify;\"><span style=\"font-weight: 400;\">D\u017eemajl Petrovci je ro\u0111en u Pri\u0161tini 1949. Zavr\u0161io je Tehnolo\u0161ku srednju \u0161kolu 1967. 1971. je radio za elektrodistribuciju Elektro Kosova. Tokom \u201880-ih je radio za komapniju za izgradnju Ramiza Sadikua i kasnije kao nezavisni elektri\u010dar. Danas \u017eivi sa svojim sinom i ne\u0107akama u njihovoj porodi\u010dnoj ku\u0107i u Pri\u0161tini. <\/span><\/p>\n","protected":false},"excerpt":{"rendered":"<p>D\u017eemajl Petrovci je ro\u0111en u Pri\u0161tini 1949. Zavr\u0161io je Tehnolo\u0161ku srednju \u0161kolu 1967. 1971. je radio za elektrodistribuciju Elektro Kosova&#8230;.<\/p>\n","protected":false},"author":14,"featured_media":22343,"comment_status":"open","ping_status":"open","sticky":false,"template":"","format":"standard","meta":{"footnotes":""},"categories":[14,92,97],"tags":[],"class_list":["post-15575","post","type-post","status-publish","format-standard","has-post-thumbnail","hentry","category-intervjui","category-pristina-seta","category-prishtina-walks-sr"],"_links":{"self":[{"href":"https:\/\/oralhistorykosovo.org\/sr\/wp-json\/wp\/v2\/posts\/15575","targetHints":{"allow":["GET"]}}],"collection":[{"href":"https:\/\/oralhistorykosovo.org\/sr\/wp-json\/wp\/v2\/posts"}],"about":[{"href":"https:\/\/oralhistorykosovo.org\/sr\/wp-json\/wp\/v2\/types\/post"}],"author":[{"embeddable":true,"href":"https:\/\/oralhistorykosovo.org\/sr\/wp-json\/wp\/v2\/users\/14"}],"replies":[{"embeddable":true,"href":"https:\/\/oralhistorykosovo.org\/sr\/wp-json\/wp\/v2\/comments?post=15575"}],"version-history":[{"count":5,"href":"https:\/\/oralhistorykosovo.org\/sr\/wp-json\/wp\/v2\/posts\/15575\/revisions"}],"predecessor-version":[{"id":22346,"href":"https:\/\/oralhistorykosovo.org\/sr\/wp-json\/wp\/v2\/posts\/15575\/revisions\/22346"}],"wp:featuredmedia":[{"embeddable":true,"href":"https:\/\/oralhistorykosovo.org\/sr\/wp-json\/wp\/v2\/media\/22343"}],"wp:attachment":[{"href":"https:\/\/oralhistorykosovo.org\/sr\/wp-json\/wp\/v2\/media?parent=15575"}],"wp:term":[{"taxonomy":"category","embeddable":true,"href":"https:\/\/oralhistorykosovo.org\/sr\/wp-json\/wp\/v2\/categories?post=15575"},{"taxonomy":"post_tag","embeddable":true,"href":"https:\/\/oralhistorykosovo.org\/sr\/wp-json\/wp\/v2\/tags?post=15575"}],"curies":[{"name":"wp","href":"https:\/\/api.w.org\/{rel}","templated":true}]}}