{"id":14920,"date":"2018-11-23T11:51:31","date_gmt":"2018-11-23T11:51:31","guid":{"rendered":"http:\/\/oralhistorykosovo.org\/?p=14920"},"modified":"2025-06-05T12:29:50","modified_gmt":"2025-06-05T12:29:50","slug":"kamile-turbedar","status":"publish","type":"post","link":"https:\/\/oralhistorykosovo.org\/sr\/kamile-turbedar\/","title":{"rendered":"Kamila Turbedar"},"content":{"rendered":"<p style=\"text-align: justify;\"><span style=\"font-weight: 400;\">Kamila Turbedar je ro\u0111ena 1941. godine u Mitrovici. Nakon \u0161to je ostala bez oca u Drugom svetskom ratu, na neko vreme se, sa bra\u0107om, sestrama i majkom, preselila u Muratovo turbe na Gazimestanu. Potom je do\u0161la u Pri\u0161tinu i nau\u010dila zanat od frizera iz Beograda. Turbedarova je postala prva frizerka u Pri\u0161tini. Ona i danas radi u svom salonu, u kojem nekad je sre\u0111ivala frizure visokih zvani\u010dnika iz cele Jugoslavije. <\/span><\/p>\n","protected":false},"excerpt":{"rendered":"<p>Kamila Turbedar je ro\u0111ena 1941. godine u Mitrovici. Nakon \u0161to je ostala bez oca u Drugom svetskom ratu, na neko&#8230;<\/p>\n","protected":false},"author":14,"featured_media":22382,"comment_status":"open","ping_status":"open","sticky":false,"template":"","format":"standard","meta":{"footnotes":""},"categories":[14,92,90],"tags":[],"class_list":["post-14920","post","type-post","status-publish","format-standard","has-post-thumbnail","hentry","category-intervjui","category-pristina-seta","category-prishtina-walks"],"_links":{"self":[{"href":"https:\/\/oralhistorykosovo.org\/sr\/wp-json\/wp\/v2\/posts\/14920","targetHints":{"allow":["GET"]}}],"collection":[{"href":"https:\/\/oralhistorykosovo.org\/sr\/wp-json\/wp\/v2\/posts"}],"about":[{"href":"https:\/\/oralhistorykosovo.org\/sr\/wp-json\/wp\/v2\/types\/post"}],"author":[{"embeddable":true,"href":"https:\/\/oralhistorykosovo.org\/sr\/wp-json\/wp\/v2\/users\/14"}],"replies":[{"embeddable":true,"href":"https:\/\/oralhistorykosovo.org\/sr\/wp-json\/wp\/v2\/comments?post=14920"}],"version-history":[{"count":8,"href":"https:\/\/oralhistorykosovo.org\/sr\/wp-json\/wp\/v2\/posts\/14920\/revisions"}],"predecessor-version":[{"id":22385,"href":"https:\/\/oralhistorykosovo.org\/sr\/wp-json\/wp\/v2\/posts\/14920\/revisions\/22385"}],"wp:featuredmedia":[{"embeddable":true,"href":"https:\/\/oralhistorykosovo.org\/sr\/wp-json\/wp\/v2\/media\/22382"}],"wp:attachment":[{"href":"https:\/\/oralhistorykosovo.org\/sr\/wp-json\/wp\/v2\/media?parent=14920"}],"wp:term":[{"taxonomy":"category","embeddable":true,"href":"https:\/\/oralhistorykosovo.org\/sr\/wp-json\/wp\/v2\/categories?post=14920"},{"taxonomy":"post_tag","embeddable":true,"href":"https:\/\/oralhistorykosovo.org\/sr\/wp-json\/wp\/v2\/tags?post=14920"}],"curies":[{"name":"wp","href":"https:\/\/api.w.org\/{rel}","templated":true}]}}