{"id":14309,"date":"2018-08-03T10:37:46","date_gmt":"2018-08-03T10:37:46","guid":{"rendered":"http:\/\/oralhistorykosovo.org\/enver-baki\/"},"modified":"2025-06-05T20:38:23","modified_gmt":"2025-06-05T20:38:23","slug":"enver-baki","status":"publish","type":"post","link":"https:\/\/oralhistorykosovo.org\/sr\/enver-baki\/","title":{"rendered":"Enver Baki"},"content":{"rendered":"<p style=\"text-align: justify;\"><span style=\"font-weight: 400;\">Enver Baki je ro\u0111en 1943. godine u Pri\u0161tini. On je poznat pisac i pesnik u turskoj zajednici na Kosovu. Baki je diplomirao na Katedri za turski jezik i knji\u017eevnost na Vi\u0161oj pedago\u0161koj \u0161koli. Godine 1963. radio je za Radio Pri\u0161tinu na turskom jeziku. Do 1969. godine bio je zadu\u017een za de\u010diji program. Baki je jedan od osniva\u010da turskog nedeljnika <\/span><i><span style=\"font-weight: 400;\">Tan<\/span><\/i><span style=\"font-weight: 400;\">, gde je radio kao glavni urednik od kraja 60-ih do kasnih 80-tih. Bio je u upravnom odboru \u010dasopisa <\/span><i><span style=\"font-weight: 400;\">\u010cevren<\/span><\/i><span style=\"font-weight: 400;\"> i <\/span><i><span style=\"font-weight: 400;\">Ku\u0161<\/span><\/i><span style=\"font-weight: 400;\">. Danas je u penziji i sa porodicom \u017eivi u Pri\u0161tini.<\/span><\/p>\n","protected":false},"excerpt":{"rendered":"<p>Enver Baki je ro\u0111en 1943. godine u Pri\u0161tini. On je poznat pisac i pesnik u turskoj zajednici na Kosovu. Baki&#8230;<\/p>\n","protected":false},"author":14,"featured_media":22461,"comment_status":"open","ping_status":"open","sticky":false,"template":"","format":"standard","meta":{"footnotes":""},"categories":[14],"tags":[],"class_list":["post-14309","post","type-post","status-publish","format-standard","has-post-thumbnail","hentry","category-intervjui"],"_links":{"self":[{"href":"https:\/\/oralhistorykosovo.org\/sr\/wp-json\/wp\/v2\/posts\/14309","targetHints":{"allow":["GET"]}}],"collection":[{"href":"https:\/\/oralhistorykosovo.org\/sr\/wp-json\/wp\/v2\/posts"}],"about":[{"href":"https:\/\/oralhistorykosovo.org\/sr\/wp-json\/wp\/v2\/types\/post"}],"author":[{"embeddable":true,"href":"https:\/\/oralhistorykosovo.org\/sr\/wp-json\/wp\/v2\/users\/14"}],"replies":[{"embeddable":true,"href":"https:\/\/oralhistorykosovo.org\/sr\/wp-json\/wp\/v2\/comments?post=14309"}],"version-history":[{"count":7,"href":"https:\/\/oralhistorykosovo.org\/sr\/wp-json\/wp\/v2\/posts\/14309\/revisions"}],"predecessor-version":[{"id":22464,"href":"https:\/\/oralhistorykosovo.org\/sr\/wp-json\/wp\/v2\/posts\/14309\/revisions\/22464"}],"wp:featuredmedia":[{"embeddable":true,"href":"https:\/\/oralhistorykosovo.org\/sr\/wp-json\/wp\/v2\/media\/22461"}],"wp:attachment":[{"href":"https:\/\/oralhistorykosovo.org\/sr\/wp-json\/wp\/v2\/media?parent=14309"}],"wp:term":[{"taxonomy":"category","embeddable":true,"href":"https:\/\/oralhistorykosovo.org\/sr\/wp-json\/wp\/v2\/categories?post=14309"},{"taxonomy":"post_tag","embeddable":true,"href":"https:\/\/oralhistorykosovo.org\/sr\/wp-json\/wp\/v2\/tags?post=14309"}],"curies":[{"name":"wp","href":"https:\/\/api.w.org\/{rel}","templated":true}]}}