{"id":14220,"date":"2018-07-20T10:19:47","date_gmt":"2018-07-20T10:19:47","guid":{"rendered":"http:\/\/oralhistorykosovo.org\/mihane-salihu-bala\/"},"modified":"2025-06-05T20:50:49","modified_gmt":"2025-06-05T20:50:49","slug":"mihane-salihu-bala","status":"publish","type":"post","link":"https:\/\/oralhistorykosovo.org\/sr\/mihane-salihu-bala\/","title":{"rendered":"Mihane Saljihu &#8211; Balja"},"content":{"rendered":"<p style=\"text-align: justify;\"><span style=\"font-weight: 400;\">Mihane Nartilja Saljihu Balja ro\u0111ena je 20. aprila 1973. godine u Pri\u0161tini. Kao studentkinja, bila je \u010dlan predsedni\u0161tva Nezavisne unije studenata Univerziteta u Pri\u0161tini. U periodu 2000-2006. godine, bila je deo balkanske studentske grupe na me\u0111unarodnoj studijskoj poseti Ju\u017enoj Africi, gde je radila sa raznim grupama civilnog dru\u0161tva. Nastavila je studije na Humanisti\u010dkoj akademiji u Lillehammeru u Norve\u0161koj, i radila kao trenerica u oblasti dijaloga. Magistrirala je na Katedri za sociologiju na Univerzitetu u Pri\u0161tini. Danas je udata i sa porodicom \u017eivi u Pri\u0161tini.<\/span><\/p>\n","protected":false},"excerpt":{"rendered":"<p>Mihane Nartilja Saljihu Balja ro\u0111ena je 20. aprila 1973. godine u Pri\u0161tini. Kao studentkinja, bila je \u010dlan predsedni\u0161tva Nezavisne unije&#8230;<\/p>\n","protected":false},"author":7,"featured_media":22472,"comment_status":"open","ping_status":"open","sticky":false,"template":"","format":"standard","meta":{"footnotes":""},"categories":[52,14,16,57],"tags":[],"class_list":["post-14220","post","type-post","status-publish","format-standard","has-post-thumbnail","hentry","category-the-second-world-war-sr-2","category-intervjui","category-istrazivanje","category-womens-activism-sr"],"_links":{"self":[{"href":"https:\/\/oralhistorykosovo.org\/sr\/wp-json\/wp\/v2\/posts\/14220","targetHints":{"allow":["GET"]}}],"collection":[{"href":"https:\/\/oralhistorykosovo.org\/sr\/wp-json\/wp\/v2\/posts"}],"about":[{"href":"https:\/\/oralhistorykosovo.org\/sr\/wp-json\/wp\/v2\/types\/post"}],"author":[{"embeddable":true,"href":"https:\/\/oralhistorykosovo.org\/sr\/wp-json\/wp\/v2\/users\/7"}],"replies":[{"embeddable":true,"href":"https:\/\/oralhistorykosovo.org\/sr\/wp-json\/wp\/v2\/comments?post=14220"}],"version-history":[{"count":12,"href":"https:\/\/oralhistorykosovo.org\/sr\/wp-json\/wp\/v2\/posts\/14220\/revisions"}],"predecessor-version":[{"id":22475,"href":"https:\/\/oralhistorykosovo.org\/sr\/wp-json\/wp\/v2\/posts\/14220\/revisions\/22475"}],"wp:featuredmedia":[{"embeddable":true,"href":"https:\/\/oralhistorykosovo.org\/sr\/wp-json\/wp\/v2\/media\/22472"}],"wp:attachment":[{"href":"https:\/\/oralhistorykosovo.org\/sr\/wp-json\/wp\/v2\/media?parent=14220"}],"wp:term":[{"taxonomy":"category","embeddable":true,"href":"https:\/\/oralhistorykosovo.org\/sr\/wp-json\/wp\/v2\/categories?post=14220"},{"taxonomy":"post_tag","embeddable":true,"href":"https:\/\/oralhistorykosovo.org\/sr\/wp-json\/wp\/v2\/tags?post=14220"}],"curies":[{"name":"wp","href":"https:\/\/api.w.org\/{rel}","templated":true}]}}