{"id":13928,"date":"2018-06-08T11:10:24","date_gmt":"2018-06-08T11:10:24","guid":{"rendered":"http:\/\/oralhistorykosovo.org\/melihate-meli-qena\/"},"modified":"2025-06-05T21:57:25","modified_gmt":"2025-06-05T21:57:25","slug":"melihate-meli-qena","status":"publish","type":"post","link":"https:\/\/oralhistorykosovo.org\/sr\/melihate-meli-qena\/","title":{"rendered":"Meljihate (Melji) \u0106ena"},"content":{"rendered":"<p style=\"text-align: justify;\"><span style=\"font-weight: 400;\">Meljihate (Melji) \u0106ena je ro\u0111ena je 15. decembra 1949. godine u Mitrovici. Studirala je na Akademiji za pozori\u0161te, film, radio i televiziju u Beogradu. Po\u010dela je da radi za Radio televiziju Pri\u0161tina odmah po osnivanju, gde je radila do devedesetih, kada je RTV Pri\u0161tina zatvorena od strane Milo\u0161evic\u0301evog re\u017eima. Paralelno sa svojim radom na televiziji, 1986. godine zapo\u010dela je rad u Lutkarskom pozori\u0161tu \u201cDodona\u201d u Pri\u0161tini, gde je debitovala kao re\u017eiser sa predstavom \u201cPylli \u00ebsht\u00eb i t\u00eb gjith\u00ebve\u201d [\u0160uma pripada svima]. Radila je kao pozori\u0161na re\u017eiserka u Lutarskom pozori\u0161tu \u201cDodona\u201d do penzionisanja. Godine 2015. dobila je nagradu za \u017eivotno delo od Ministarstva kulture, omladine i sporta. \u0106ena je glumila u mnogim pozori\u0161nim predstavama i filmovima, kao \u0161to su \u201cMartesa\u201d[Brak], \u201cK\u00ebsulat\u201d [Kape] i \u201cA dream\u201d [San]. Trenutno je \u010dlanica gluma\u010dkog ansambla u Lutkarskom pozori\u0161tu \u201cDodona\u201d u Pri\u0161tini.<\/span><\/p>\n","protected":false},"excerpt":{"rendered":"<p>Meljihate (Melji) \u0106ena je ro\u0111ena je 15. decembra 1949. godine u Mitrovici. Studirala je na Akademiji za pozori\u0161te, film, radio&#8230;<\/p>\n","protected":false},"author":14,"featured_media":22527,"comment_status":"open","ping_status":"open","sticky":false,"template":"","format":"standard","meta":{"footnotes":""},"categories":[14,55],"tags":[],"class_list":["post-13928","post","type-post","status-publish","format-standard","has-post-thumbnail","hentry","category-intervjui","category-kosovo-artists-sr"],"_links":{"self":[{"href":"https:\/\/oralhistorykosovo.org\/sr\/wp-json\/wp\/v2\/posts\/13928","targetHints":{"allow":["GET"]}}],"collection":[{"href":"https:\/\/oralhistorykosovo.org\/sr\/wp-json\/wp\/v2\/posts"}],"about":[{"href":"https:\/\/oralhistorykosovo.org\/sr\/wp-json\/wp\/v2\/types\/post"}],"author":[{"embeddable":true,"href":"https:\/\/oralhistorykosovo.org\/sr\/wp-json\/wp\/v2\/users\/14"}],"replies":[{"embeddable":true,"href":"https:\/\/oralhistorykosovo.org\/sr\/wp-json\/wp\/v2\/comments?post=13928"}],"version-history":[{"count":5,"href":"https:\/\/oralhistorykosovo.org\/sr\/wp-json\/wp\/v2\/posts\/13928\/revisions"}],"predecessor-version":[{"id":22530,"href":"https:\/\/oralhistorykosovo.org\/sr\/wp-json\/wp\/v2\/posts\/13928\/revisions\/22530"}],"wp:featuredmedia":[{"embeddable":true,"href":"https:\/\/oralhistorykosovo.org\/sr\/wp-json\/wp\/v2\/media\/22527"}],"wp:attachment":[{"href":"https:\/\/oralhistorykosovo.org\/sr\/wp-json\/wp\/v2\/media?parent=13928"}],"wp:term":[{"taxonomy":"category","embeddable":true,"href":"https:\/\/oralhistorykosovo.org\/sr\/wp-json\/wp\/v2\/categories?post=13928"},{"taxonomy":"post_tag","embeddable":true,"href":"https:\/\/oralhistorykosovo.org\/sr\/wp-json\/wp\/v2\/tags?post=13928"}],"curies":[{"name":"wp","href":"https:\/\/api.w.org\/{rel}","templated":true}]}}