{"id":11586,"date":"2017-10-27T09:26:04","date_gmt":"2017-10-27T09:26:04","guid":{"rendered":"http:\/\/oralhistorykosovo.org\/stefan-surlic\/"},"modified":"2017-10-27T10:04:09","modified_gmt":"2017-10-27T10:04:09","slug":"stefan-surlic","status":"publish","type":"post","link":"https:\/\/oralhistorykosovo.org\/sr\/stefan-surlic\/","title":{"rendered":"Stefan Surli\u0107"},"content":{"rendered":"<p><span style=\"font-weight: 400;\">Stefan Surli\u0107 je ro\u0111en u Pri\u0161tini 30. januara 1989. godine. On je asistent na predmetu Uporedna politika na Univerzitetu Beograda i doktorant na Fakultetu politi\u010dkih nauka. On \u017eivi i radi u Beogradu.<\/span><\/p>\n","protected":false},"excerpt":{"rendered":"<p>Stefan Surli\u0107 je ro\u0111en u Pri\u0161tini 30. januara 1989. godine. On je asistent na predmetu Uporedna politika na Univerzitetu Beograda&#8230;<\/p>\n","protected":false},"author":14,"featured_media":11583,"comment_status":"open","ping_status":"open","sticky":false,"template":"","format":"standard","meta":{"footnotes":""},"categories":[14],"tags":[],"class_list":["post-11586","post","type-post","status-publish","format-standard","has-post-thumbnail","hentry","category-intervjui"],"_links":{"self":[{"href":"https:\/\/oralhistorykosovo.org\/sr\/wp-json\/wp\/v2\/posts\/11586","targetHints":{"allow":["GET"]}}],"collection":[{"href":"https:\/\/oralhistorykosovo.org\/sr\/wp-json\/wp\/v2\/posts"}],"about":[{"href":"https:\/\/oralhistorykosovo.org\/sr\/wp-json\/wp\/v2\/types\/post"}],"author":[{"embeddable":true,"href":"https:\/\/oralhistorykosovo.org\/sr\/wp-json\/wp\/v2\/users\/14"}],"replies":[{"embeddable":true,"href":"https:\/\/oralhistorykosovo.org\/sr\/wp-json\/wp\/v2\/comments?post=11586"}],"version-history":[{"count":3,"href":"https:\/\/oralhistorykosovo.org\/sr\/wp-json\/wp\/v2\/posts\/11586\/revisions"}],"predecessor-version":[{"id":11596,"href":"https:\/\/oralhistorykosovo.org\/sr\/wp-json\/wp\/v2\/posts\/11586\/revisions\/11596"}],"wp:featuredmedia":[{"embeddable":true,"href":"https:\/\/oralhistorykosovo.org\/sr\/wp-json\/wp\/v2\/media\/11583"}],"wp:attachment":[{"href":"https:\/\/oralhistorykosovo.org\/sr\/wp-json\/wp\/v2\/media?parent=11586"}],"wp:term":[{"taxonomy":"category","embeddable":true,"href":"https:\/\/oralhistorykosovo.org\/sr\/wp-json\/wp\/v2\/categories?post=11586"},{"taxonomy":"post_tag","embeddable":true,"href":"https:\/\/oralhistorykosovo.org\/sr\/wp-json\/wp\/v2\/tags?post=11586"}],"curies":[{"name":"wp","href":"https:\/\/api.w.org\/{rel}","templated":true}]}}