{"id":11123,"date":"2017-09-29T08:35:27","date_gmt":"2017-09-29T08:35:27","guid":{"rendered":"http:\/\/oralhistorykosovo.org\/garentina-kraja\/"},"modified":"2019-04-25T11:00:20","modified_gmt":"2019-04-25T11:00:20","slug":"garentina-kraja","status":"publish","type":"post","link":"https:\/\/oralhistorykosovo.org\/sr\/garentina-kraja\/","title":{"rendered":"Garentina Kraja"},"content":{"rendered":"<p style=\"text-align: justify;\"><span style=\"font-weight: 400;\">Garentina Kraja je ro\u0111ena 1978. godine u Pri\u0161tini. Diplomirala je i masterirala politi\u010dke nauke na uiverzitetu Jejl. Tokom rata (1997-1998) radila je kao novinarka za <\/span><i><span style=\"font-weight: 400;\">Koha Ditore<\/span><\/i><span style=\"font-weight: 400;\">, a od 2001. do 2007. godine bila je dopisnica <\/span><i><span style=\"font-weight: 400;\">Associated Press<\/span><\/i><span style=\"font-weight: 400;\">-a sa Kosova. Od 2011. do 2016. godine radila je kao vi\u0161i politi\u010dka savetnica predsednice Kosova Atifete Jahjage. Trenutno je nezavisna konsultantkinja i politi\u010dka analiti\u010darka, a povremeno i predava\u010dica na Ameri\u010dkom univerzitetu na Kosovu. Trenutno \u017eivi izme\u0111u Pri\u0161tine i Jerusalima.<\/span><\/p>\n","protected":false},"excerpt":{"rendered":"<p>Garentina Kraja je ro\u0111ena 1978. godine u Pri\u0161tini. Diplomirala je i masterirala politi\u010dke nauke na uiverzitetu Jejl. Tokom rata (1997-1998)&#8230;<\/p>\n","protected":false},"author":7,"featured_media":11086,"comment_status":"closed","ping_status":"closed","sticky":false,"template":"","format":"standard","meta":{"footnotes":""},"categories":[14,16,61],"tags":[],"class_list":["post-11123","post","type-post","status-publish","format-standard","has-post-thumbnail","hentry","category-intervjui","category-istrazivanje","category-post-pessimist"],"_links":{"self":[{"href":"https:\/\/oralhistorykosovo.org\/sr\/wp-json\/wp\/v2\/posts\/11123","targetHints":{"allow":["GET"]}}],"collection":[{"href":"https:\/\/oralhistorykosovo.org\/sr\/wp-json\/wp\/v2\/posts"}],"about":[{"href":"https:\/\/oralhistorykosovo.org\/sr\/wp-json\/wp\/v2\/types\/post"}],"author":[{"embeddable":true,"href":"https:\/\/oralhistorykosovo.org\/sr\/wp-json\/wp\/v2\/users\/7"}],"replies":[{"embeddable":true,"href":"https:\/\/oralhistorykosovo.org\/sr\/wp-json\/wp\/v2\/comments?post=11123"}],"version-history":[{"count":11,"href":"https:\/\/oralhistorykosovo.org\/sr\/wp-json\/wp\/v2\/posts\/11123\/revisions"}],"predecessor-version":[{"id":15547,"href":"https:\/\/oralhistorykosovo.org\/sr\/wp-json\/wp\/v2\/posts\/11123\/revisions\/15547"}],"wp:featuredmedia":[{"embeddable":true,"href":"https:\/\/oralhistorykosovo.org\/sr\/wp-json\/wp\/v2\/media\/11086"}],"wp:attachment":[{"href":"https:\/\/oralhistorykosovo.org\/sr\/wp-json\/wp\/v2\/media?parent=11123"}],"wp:term":[{"taxonomy":"category","embeddable":true,"href":"https:\/\/oralhistorykosovo.org\/sr\/wp-json\/wp\/v2\/categories?post=11123"},{"taxonomy":"post_tag","embeddable":true,"href":"https:\/\/oralhistorykosovo.org\/sr\/wp-json\/wp\/v2\/tags?post=11123"}],"curies":[{"name":"wp","href":"https:\/\/api.w.org\/{rel}","templated":true}]}}