{"id":9916,"date":"2017-03-23T17:36:01","date_gmt":"2017-03-23T17:36:01","guid":{"rendered":"http:\/\/oralhistorykosovo.org\/sq\/?p=9916"},"modified":"2018-04-11T11:56:11","modified_gmt":"2018-04-11T11:56:11","slug":"mete-shala","status":"publish","type":"post","link":"https:\/\/oralhistorykosovo.org\/sq\/mete-shala\/","title":{"rendered":"Met\u00eb Shala"},"content":{"rendered":"<p style=\"text-align: justify;\"><span style=\"font-weight: 400;\">Met\u00eb Shala u lind m\u00eb 1953 n\u00eb T\u00ebrstenik t\u00eb Pej\u00ebs. Ai studioi n\u00eb Universitetin e Prishtin\u00ebs p\u00ebr t\u2019u b\u00ebr\u00eb pedagog i l\u00ebnd\u00ebs s\u00eb muzik\u00ebs. Pas diplomimit u kthye n\u00eb T\u00ebrstenik si drejtor i shkoll\u00ebs fillore, \u201cRilindja\u201d. Gjat\u00eb luft\u00ebs 1998-1999 sht\u00ebpia i \u00ebsht\u00eb djegur, andaj u shp\u00ebrngul n\u00eb Pej\u00eb, ku ai ligj\u00ebron Teori t\u00eb Muzik\u00ebs dhe Solfexho n\u00eb shkoll\u00ebn e mesme, \u201cHalit Kasapolli\u201d. <\/span><\/p>\n","protected":false},"excerpt":{"rendered":"<p>Met\u00eb Shala u lind m\u00eb 1953 n\u00eb T\u00ebrstenik t\u00eb Pej\u00ebs. Ai studioi n\u00eb Universitetin e Prishtin\u00ebs p\u00ebr t\u2019u b\u00ebr\u00eb pedagog&#8230;<\/p>\n","protected":false},"author":7,"featured_media":9918,"comment_status":"open","ping_status":"open","sticky":false,"template":"","format":"standard","meta":{"footnotes":""},"categories":[58,13],"tags":[],"class_list":["post-9916","post","type-post","status-publish","format-standard","has-post-thumbnail","hentry","category-pajtimi-i-gjaqeve","category-intervistat","label-photo","label-transcript","label-video"],"_links":{"self":[{"href":"https:\/\/oralhistorykosovo.org\/sq\/wp-json\/wp\/v2\/posts\/9916","targetHints":{"allow":["GET"]}}],"collection":[{"href":"https:\/\/oralhistorykosovo.org\/sq\/wp-json\/wp\/v2\/posts"}],"about":[{"href":"https:\/\/oralhistorykosovo.org\/sq\/wp-json\/wp\/v2\/types\/post"}],"author":[{"embeddable":true,"href":"https:\/\/oralhistorykosovo.org\/sq\/wp-json\/wp\/v2\/users\/7"}],"replies":[{"embeddable":true,"href":"https:\/\/oralhistorykosovo.org\/sq\/wp-json\/wp\/v2\/comments?post=9916"}],"version-history":[{"count":5,"href":"https:\/\/oralhistorykosovo.org\/sq\/wp-json\/wp\/v2\/posts\/9916\/revisions"}],"predecessor-version":[{"id":13572,"href":"https:\/\/oralhistorykosovo.org\/sq\/wp-json\/wp\/v2\/posts\/9916\/revisions\/13572"}],"wp:featuredmedia":[{"embeddable":true,"href":"https:\/\/oralhistorykosovo.org\/sq\/wp-json\/wp\/v2\/media\/9918"}],"wp:attachment":[{"href":"https:\/\/oralhistorykosovo.org\/sq\/wp-json\/wp\/v2\/media?parent=9916"}],"wp:term":[{"taxonomy":"category","embeddable":true,"href":"https:\/\/oralhistorykosovo.org\/sq\/wp-json\/wp\/v2\/categories?post=9916"},{"taxonomy":"post_tag","embeddable":true,"href":"https:\/\/oralhistorykosovo.org\/sq\/wp-json\/wp\/v2\/tags?post=9916"}],"curies":[{"name":"wp","href":"https:\/\/api.w.org\/{rel}","templated":true}]}}