{"id":7616,"date":"2016-09-15T18:43:23","date_gmt":"2016-09-15T18:43:23","guid":{"rendered":"http:\/\/oralhistorykosovo.org\/sq\/riza-krasniqi\/"},"modified":"2017-06-13T22:47:45","modified_gmt":"2017-06-13T22:47:45","slug":"riza-krasniqi","status":"publish","type":"post","link":"https:\/\/oralhistorykosovo.org\/sq\/riza-krasniqi\/","title":{"rendered":"Riza Krasniqi"},"content":{"rendered":"<p><span style=\"font-weight: 400;\">Riza Krasniqi u lind m\u00eb 3 korrik, 1959, n\u00eb qytetin e Pej\u00ebs, Kosov\u00eb. Si i diplomuar n\u00eb Fakultetin Teknik, Dega Elektro, Universiteti i Prishtin\u00ebs, ai u kthye n\u00eb Pej\u00eb p\u00ebr t\u00eb punuar si profesor i informatik\u00ebs n\u00eb gjimnazin, \u201cBedri Pejani\u201d. N\u00eb vitet 1990-92 ka qen\u00eb pajtimtar n\u00eb L\u00ebvizjen e Pajtimit t\u00eb Gjaqeve. Sot ai \u00ebsht\u00eb pjes\u00eb e K\u00ebshillit t\u00eb Pajtimit t\u00eb Gjaqeve, i cili K\u00ebshill p\u00ebrkujdeset n\u00eb promovimin dhe memorializimin \u00a0e vlerave humaniste q\u00eb kjo L\u00ebvizje i kultivoi n\u00eb at\u00eb koh\u00eb. <\/span><\/p>\n","protected":false},"excerpt":{"rendered":"<p>Riza Krasniqi u lind m\u00eb 3 korrik, 1959, n\u00eb qytetin e Pej\u00ebs, Kosov\u00eb. Si i diplomuar n\u00eb Fakultetin Teknik, Dega&#8230;<\/p>\n","protected":false},"author":7,"featured_media":7613,"comment_status":"open","ping_status":"open","sticky":false,"template":"","format":"standard","meta":{"footnotes":""},"categories":[58,15,13],"tags":[],"class_list":["post-7616","post","type-post","status-publish","format-standard","has-post-thumbnail","hentry","category-pajtimi-i-gjaqeve","category-hulumtime","category-intervistat","label-photo","label-transcript","label-video"],"_links":{"self":[{"href":"https:\/\/oralhistorykosovo.org\/sq\/wp-json\/wp\/v2\/posts\/7616","targetHints":{"allow":["GET"]}}],"collection":[{"href":"https:\/\/oralhistorykosovo.org\/sq\/wp-json\/wp\/v2\/posts"}],"about":[{"href":"https:\/\/oralhistorykosovo.org\/sq\/wp-json\/wp\/v2\/types\/post"}],"author":[{"embeddable":true,"href":"https:\/\/oralhistorykosovo.org\/sq\/wp-json\/wp\/v2\/users\/7"}],"replies":[{"embeddable":true,"href":"https:\/\/oralhistorykosovo.org\/sq\/wp-json\/wp\/v2\/comments?post=7616"}],"version-history":[{"count":13,"href":"https:\/\/oralhistorykosovo.org\/sq\/wp-json\/wp\/v2\/posts\/7616\/revisions"}],"predecessor-version":[{"id":10543,"href":"https:\/\/oralhistorykosovo.org\/sq\/wp-json\/wp\/v2\/posts\/7616\/revisions\/10543"}],"wp:featuredmedia":[{"embeddable":true,"href":"https:\/\/oralhistorykosovo.org\/sq\/wp-json\/wp\/v2\/media\/7613"}],"wp:attachment":[{"href":"https:\/\/oralhistorykosovo.org\/sq\/wp-json\/wp\/v2\/media?parent=7616"}],"wp:term":[{"taxonomy":"category","embeddable":true,"href":"https:\/\/oralhistorykosovo.org\/sq\/wp-json\/wp\/v2\/categories?post=7616"},{"taxonomy":"post_tag","embeddable":true,"href":"https:\/\/oralhistorykosovo.org\/sq\/wp-json\/wp\/v2\/tags?post=7616"}],"curies":[{"name":"wp","href":"https:\/\/api.w.org\/{rel}","templated":true}]}}