{"id":7237,"date":"2016-07-15T09:22:38","date_gmt":"2016-07-15T09:22:38","guid":{"rendered":"http:\/\/oralhistorykosovo.org\/sq\/bajram-kafu-kinolli\/"},"modified":"2026-04-22T08:45:32","modified_gmt":"2026-04-22T08:45:32","slug":"bajram-kafu-kinolli","status":"publish","type":"post","link":"https:\/\/oralhistorykosovo.org\/sq\/bajram-kafu-kinolli\/","title":{"rendered":"Bajram Kafu Kinolli"},"content":{"rendered":"<p>Bajram Kinolli, i njohur si Kafu, u lind n\u00eb Gjakov\u00eb m\u00eb 1985. I inspiruar nga daja i tij, Hadi Bajrami, i cili ka k\u00ebnduar dhe i ka ra sharkis\u00eb, ai filloi t\u00eb k\u00ebndonte q\u00eb n\u00eb mosh\u00eb t\u00eb hershme. Pas luft\u00ebs, Kafu punoi si edukator p\u00ebr t\u00eb rinjt\u00eb n\u00eb\u00a0Global Perspective Development Center. Ai trajnoi t\u00eb rinjt\u00eb n\u00eb Teatrin e Vall\u00ebzimit Social, duke promovuar k\u00ebshtu gjith\u00ebp\u00ebrfshirjen, drejt\u00ebsin\u00eb dhe t\u00eb drejtat e njeriut. Aktualisht, Kafu\u00a0\u00ebsht\u00eb vokalist i bendit Gipsy Groove, nj\u00eb grup i \u00a0mir\u00ebnjohur muzikor n\u00eb Kosov\u00eb dhe regjion, i cili performon muzik\u00eb rome ballkanase, ku n\u00eb t\u00eb shkrihen\u00a0influenca t\u00eb muzik\u00ebs\u00a0Jazz, Reggae dhe Funk.<\/p>\n","protected":false},"excerpt":{"rendered":"<p>Bajram Kinolli, i njohur si Kafu, u lind n\u00eb Gjakov\u00eb m\u00eb 1985. I inspiruar nga daja i tij, Hadi Bajrami,&#8230;<\/p>\n","protected":false},"author":5,"featured_media":7221,"comment_status":"open","ping_status":"open","sticky":false,"template":"","format":"standard","meta":{"footnotes":""},"categories":[13,54,145],"tags":[],"class_list":["post-7237","post","type-post","status-publish","format-standard","has-post-thumbnail","hentry","category-intervistat","category-kosovo-artists-sq","category-zerat-e-heshtur-pervojat-e-romeve-gjate-luftes-dhe-zhvendosjes-ne-kosoven-e-pasluftes","label-photo","label-transcript","label-video"],"_links":{"self":[{"href":"https:\/\/oralhistorykosovo.org\/sq\/wp-json\/wp\/v2\/posts\/7237","targetHints":{"allow":["GET"]}}],"collection":[{"href":"https:\/\/oralhistorykosovo.org\/sq\/wp-json\/wp\/v2\/posts"}],"about":[{"href":"https:\/\/oralhistorykosovo.org\/sq\/wp-json\/wp\/v2\/types\/post"}],"author":[{"embeddable":true,"href":"https:\/\/oralhistorykosovo.org\/sq\/wp-json\/wp\/v2\/users\/5"}],"replies":[{"embeddable":true,"href":"https:\/\/oralhistorykosovo.org\/sq\/wp-json\/wp\/v2\/comments?post=7237"}],"version-history":[{"count":9,"href":"https:\/\/oralhistorykosovo.org\/sq\/wp-json\/wp\/v2\/posts\/7237\/revisions"}],"predecessor-version":[{"id":9427,"href":"https:\/\/oralhistorykosovo.org\/sq\/wp-json\/wp\/v2\/posts\/7237\/revisions\/9427"}],"wp:featuredmedia":[{"embeddable":true,"href":"https:\/\/oralhistorykosovo.org\/sq\/wp-json\/wp\/v2\/media\/7221"}],"wp:attachment":[{"href":"https:\/\/oralhistorykosovo.org\/sq\/wp-json\/wp\/v2\/media?parent=7237"}],"wp:term":[{"taxonomy":"category","embeddable":true,"href":"https:\/\/oralhistorykosovo.org\/sq\/wp-json\/wp\/v2\/categories?post=7237"},{"taxonomy":"post_tag","embeddable":true,"href":"https:\/\/oralhistorykosovo.org\/sq\/wp-json\/wp\/v2\/tags?post=7237"}],"curies":[{"name":"wp","href":"https:\/\/api.w.org\/{rel}","templated":true}]}}