{"id":6599,"date":"2016-03-29T18:31:05","date_gmt":"2016-03-29T18:31:05","guid":{"rendered":"http:\/\/oralhistorykosovo.org\/sq\/kohi-introduced-its-board-during-a-public-seminar-on-oral-history-in-tirana-on-march-29-2016\/"},"modified":"2016-06-20T14:03:04","modified_gmt":"2016-06-20T14:03:04","slug":"kohi-introduced-its-board-during-a-public-seminar-on-oral-history-in-tirana-on-march-29-2016","status":"publish","type":"post","link":"https:\/\/oralhistorykosovo.org\/sq\/kohi-introduced-its-board-during-a-public-seminar-on-oral-history-in-tirana-on-march-29-2016\/","title":{"rendered":"OHI prezantoi Bordin e saj gjat\u00eb nj\u00eb seminari publik mbi historin\u00eb gojore n\u00eb Tiran\u00eb m\u00eb 29 mars, 2016."},"content":{"rendered":"","protected":false},"excerpt":{"rendered":"","protected":false},"author":5,"featured_media":6612,"comment_status":"open","ping_status":"open","sticky":false,"template":"","format":"standard","meta":{"footnotes":""},"categories":[6],"tags":[],"class_list":["post-6599","post","type-post","status-publish","format-standard","has-post-thumbnail","hentry","category-lajmet"],"_links":{"self":[{"href":"https:\/\/oralhistorykosovo.org\/sq\/wp-json\/wp\/v2\/posts\/6599","targetHints":{"allow":["GET"]}}],"collection":[{"href":"https:\/\/oralhistorykosovo.org\/sq\/wp-json\/wp\/v2\/posts"}],"about":[{"href":"https:\/\/oralhistorykosovo.org\/sq\/wp-json\/wp\/v2\/types\/post"}],"author":[{"embeddable":true,"href":"https:\/\/oralhistorykosovo.org\/sq\/wp-json\/wp\/v2\/users\/5"}],"replies":[{"embeddable":true,"href":"https:\/\/oralhistorykosovo.org\/sq\/wp-json\/wp\/v2\/comments?post=6599"}],"version-history":[{"count":4,"href":"https:\/\/oralhistorykosovo.org\/sq\/wp-json\/wp\/v2\/posts\/6599\/revisions"}],"predecessor-version":[{"id":6723,"href":"https:\/\/oralhistorykosovo.org\/sq\/wp-json\/wp\/v2\/posts\/6599\/revisions\/6723"}],"wp:featuredmedia":[{"embeddable":true,"href":"https:\/\/oralhistorykosovo.org\/sq\/wp-json\/wp\/v2\/media\/6612"}],"wp:attachment":[{"href":"https:\/\/oralhistorykosovo.org\/sq\/wp-json\/wp\/v2\/media?parent=6599"}],"wp:term":[{"taxonomy":"category","embeddable":true,"href":"https:\/\/oralhistorykosovo.org\/sq\/wp-json\/wp\/v2\/categories?post=6599"},{"taxonomy":"post_tag","embeddable":true,"href":"https:\/\/oralhistorykosovo.org\/sq\/wp-json\/wp\/v2\/tags?post=6599"}],"curies":[{"name":"wp","href":"https:\/\/api.w.org\/{rel}","templated":true}]}}