{"id":6567,"date":"2015-09-15T17:45:44","date_gmt":"2015-09-15T17:45:44","guid":{"rendered":"http:\/\/oralhistorykosovo.org\/sq\/a-world-renowned-oral-historian-professor-alessandro-portelli-discussed-memory-oral-history-nation-building-and-his-own-research-during-a-masterclass-held-on-september-15-2015-at-the-national-lib\/"},"modified":"2017-02-25T13:26:39","modified_gmt":"2017-02-25T13:26:39","slug":"a-world-renowned-oral-historian-professor-alessandro-portelli-discussed-memory-oral-history-nation-building-and-his-own-research-during-a-masterclass-held-on-september-15-2015-at-the-national-lib","status":"publish","type":"post","link":"https:\/\/oralhistorykosovo.org\/sq\/a-world-renowned-oral-historian-professor-alessandro-portelli-discussed-memory-oral-history-nation-building-and-his-own-research-during-a-masterclass-held-on-september-15-2015-at-the-national-lib\/","title":{"rendered":"Historiani gojor me fam\u00eb bot\u00ebrore, Profesor Alessandro Portelli, diskuton kujtes\u00ebn, historin\u00eb gojore,  nd\u00ebrtimin t\u00eb nj\u00eb shteti, e cila u mbajt m\u00eb 15 shtator 2015, n\u00eb Bibliotek\u00ebn Komb\u00ebtare n\u00eb Prishtin\u00eb."},"content":{"rendered":"","protected":false},"excerpt":{"rendered":"","protected":false},"author":5,"featured_media":4748,"comment_status":"open","ping_status":"open","sticky":false,"template":"","format":"standard","meta":{"footnotes":""},"categories":[6],"tags":[],"class_list":["post-6567","post","type-post","status-publish","format-standard","has-post-thumbnail","hentry","category-lajmet"],"_links":{"self":[{"href":"https:\/\/oralhistorykosovo.org\/sq\/wp-json\/wp\/v2\/posts\/6567","targetHints":{"allow":["GET"]}}],"collection":[{"href":"https:\/\/oralhistorykosovo.org\/sq\/wp-json\/wp\/v2\/posts"}],"about":[{"href":"https:\/\/oralhistorykosovo.org\/sq\/wp-json\/wp\/v2\/types\/post"}],"author":[{"embeddable":true,"href":"https:\/\/oralhistorykosovo.org\/sq\/wp-json\/wp\/v2\/users\/5"}],"replies":[{"embeddable":true,"href":"https:\/\/oralhistorykosovo.org\/sq\/wp-json\/wp\/v2\/comments?post=6567"}],"version-history":[{"count":5,"href":"https:\/\/oralhistorykosovo.org\/sq\/wp-json\/wp\/v2\/posts\/6567\/revisions"}],"predecessor-version":[{"id":9579,"href":"https:\/\/oralhistorykosovo.org\/sq\/wp-json\/wp\/v2\/posts\/6567\/revisions\/9579"}],"wp:featuredmedia":[{"embeddable":true,"href":"https:\/\/oralhistorykosovo.org\/sq\/wp-json\/wp\/v2\/media\/4748"}],"wp:attachment":[{"href":"https:\/\/oralhistorykosovo.org\/sq\/wp-json\/wp\/v2\/media?parent=6567"}],"wp:term":[{"taxonomy":"category","embeddable":true,"href":"https:\/\/oralhistorykosovo.org\/sq\/wp-json\/wp\/v2\/categories?post=6567"},{"taxonomy":"post_tag","embeddable":true,"href":"https:\/\/oralhistorykosovo.org\/sq\/wp-json\/wp\/v2\/tags?post=6567"}],"curies":[{"name":"wp","href":"https:\/\/api.w.org\/{rel}","templated":true}]}}