{"id":5312,"date":"2013-06-05T12:21:24","date_gmt":"2013-06-05T12:21:24","guid":{"rendered":"http:\/\/oralhistorykosovo.org\/sq\/marta-prekpalaj\/"},"modified":"2018-01-16T11:05:14","modified_gmt":"2018-01-16T11:05:14","slug":"marta-prekpalaj","status":"publish","type":"post","link":"https:\/\/oralhistorykosovo.org\/sq\/marta-prekpalaj\/","title":{"rendered":"Marta Prekpalaj"},"content":{"rendered":"<p style=\"text-align: justify;\">Marte Prekpalaj u lind n\u00eb Breg Drini, Has m\u00eb 10 maj 1967. Ajo \u00ebsht\u00eb m\u00ebsuese dhe gruaja e par\u00eb q\u00eb\u00a0sh\u00ebrbeu si drejtoresh\u00eb shkolle n\u00eb Has. Ajo ka qen\u00eb aktiviste e Shoqat\u00ebs Motrat Qiriazi, duke b\u00ebr\u00eb fushat\u00eb\u00a0p\u00ebr zhdukjen e analfabetizmit dhe fuqizimin e grave. N\u00eb 2011, ajo themeloi organizat\u00ebn Gruaja Vizionare\u00a0e Shekullit XXI. Ajo \u00ebsht\u00eb shp\u00ebrblyer me Cmimin Kreativiteti i Grave n\u00eb Jet\u00ebn Rurale nga Fondacioni i\u00a0Samitit Bot\u00ebror t\u00eb Grave n\u00eb 2006.<\/p>\n","protected":false},"excerpt":{"rendered":"<p>Marte Prekpalaj u lind n\u00eb Breg Drini, Has m\u00eb 10 maj 1967. Ajo \u00ebsht\u00eb m\u00ebsuese dhe gruaja e par\u00eb q\u00eb\u00a0sh\u00ebrbeu&#8230;<\/p>\n","protected":false},"author":7,"featured_media":6927,"comment_status":"open","ping_status":"open","sticky":false,"template":"","format":"standard","meta":{"footnotes":""},"categories":[13],"tags":[],"class_list":["post-5312","post","type-post","status-publish","format-standard","has-post-thumbnail","hentry","category-intervistat","label-photo","label-transcript","label-video"],"_links":{"self":[{"href":"https:\/\/oralhistorykosovo.org\/sq\/wp-json\/wp\/v2\/posts\/5312","targetHints":{"allow":["GET"]}}],"collection":[{"href":"https:\/\/oralhistorykosovo.org\/sq\/wp-json\/wp\/v2\/posts"}],"about":[{"href":"https:\/\/oralhistorykosovo.org\/sq\/wp-json\/wp\/v2\/types\/post"}],"author":[{"embeddable":true,"href":"https:\/\/oralhistorykosovo.org\/sq\/wp-json\/wp\/v2\/users\/7"}],"replies":[{"embeddable":true,"href":"https:\/\/oralhistorykosovo.org\/sq\/wp-json\/wp\/v2\/comments?post=5312"}],"version-history":[{"count":9,"href":"https:\/\/oralhistorykosovo.org\/sq\/wp-json\/wp\/v2\/posts\/5312\/revisions"}],"predecessor-version":[{"id":12177,"href":"https:\/\/oralhistorykosovo.org\/sq\/wp-json\/wp\/v2\/posts\/5312\/revisions\/12177"}],"wp:featuredmedia":[{"embeddable":true,"href":"https:\/\/oralhistorykosovo.org\/sq\/wp-json\/wp\/v2\/media\/6927"}],"wp:attachment":[{"href":"https:\/\/oralhistorykosovo.org\/sq\/wp-json\/wp\/v2\/media?parent=5312"}],"wp:term":[{"taxonomy":"category","embeddable":true,"href":"https:\/\/oralhistorykosovo.org\/sq\/wp-json\/wp\/v2\/categories?post=5312"},{"taxonomy":"post_tag","embeddable":true,"href":"https:\/\/oralhistorykosovo.org\/sq\/wp-json\/wp\/v2\/tags?post=5312"}],"curies":[{"name":"wp","href":"https:\/\/api.w.org\/{rel}","templated":true}]}}