{"id":31904,"date":"2026-09-03T07:56:00","date_gmt":"2026-09-03T07:56:00","guid":{"rendered":"https:\/\/oralhistorykosovo.org\/?p=31904"},"modified":"2026-09-03T07:57:28","modified_gmt":"2026-09-03T07:57:28","slug":"amie-barouh","status":"publish","type":"post","link":"https:\/\/oralhistorykosovo.org\/sq\/amie-barouh\/","title":{"rendered":"Amie Barouh"},"content":{"rendered":"<p><span style=\"font-weight: 400;\">Amie Barouh ka lindur n\u00eb vitin 1993, n\u00eb Tokio, Japoni. Ajo jeton dhe punon mes Franc\u00ebs dhe Rumanis\u00eb. Ajo krijon dokumentar\u00eb eksperimental\u00eb q\u00eb u japin z\u00eb njer\u00ebzve n\u00eb margjinat e shoq\u00ebris\u00eb. Filmat e saj marrin form\u00ebn e nj\u00eb \u201cditari filmik\u201d, diku mes dokumentarit dhe eses\u00eb vizuale, dhe synojn\u00eb mbi t\u00eb gjitha t\u00eb p\u00ebrcjellin nj\u00eb p\u00ebrvoj\u00eb ashtu si\u00e7 \u00ebsht\u00eb jetuar. Montazhi i saj subjektiv ndjek ritmin e saj t\u00eb brendsh\u00ebm, duke rind\u00ebrtuar gjith\u00eb kompleksitetin e dokumentimit t\u00eb nj\u00eb bote s\u00eb cil\u00ebs ne nuk i p\u00ebrkasim. Puna e Amie Barouh \u00ebsht\u00eb prezantuar n\u00eb shum\u00eb institucione dhe festivale, p\u00ebrfshir\u00eb Villa Medici Film Festival (Itali, 2022), Biennale de la jeune cr\u00e9ation (Franc\u00eb, 2022), Emerige Revelations (Franc\u00eb, 2022), FilMadrid Festival (Spanj\u00eb, 2019) dhe Vision du R\u00e9el Festival (Zvic\u00ebr, 2019).<\/span><\/p>\n","protected":false},"excerpt":{"rendered":"<p>Amie Barouh ka lindur n\u00eb vitin 1993, n\u00eb Tokio, Japoni. Ajo jeton dhe punon mes Franc\u00ebs dhe Rumanis\u00eb. Ajo krijon&#8230;<\/p>\n","protected":false},"author":564,"featured_media":31893,"comment_status":"open","ping_status":"open","sticky":false,"template":"","format":"standard","meta":{"footnotes":""},"categories":[15,13,147],"tags":[],"class_list":["post-31904","post","type-post","status-publish","format-standard","has-post-thumbnail","hentry","category-hulumtime","category-intervistat","category-shkembime-artistike-dhe-kulturore-ne-vilen-31-tirane"],"_links":{"self":[{"href":"https:\/\/oralhistorykosovo.org\/sq\/wp-json\/wp\/v2\/posts\/31904","targetHints":{"allow":["GET"]}}],"collection":[{"href":"https:\/\/oralhistorykosovo.org\/sq\/wp-json\/wp\/v2\/posts"}],"about":[{"href":"https:\/\/oralhistorykosovo.org\/sq\/wp-json\/wp\/v2\/types\/post"}],"author":[{"embeddable":true,"href":"https:\/\/oralhistorykosovo.org\/sq\/wp-json\/wp\/v2\/users\/564"}],"replies":[{"embeddable":true,"href":"https:\/\/oralhistorykosovo.org\/sq\/wp-json\/wp\/v2\/comments?post=31904"}],"version-history":[{"count":2,"href":"https:\/\/oralhistorykosovo.org\/sq\/wp-json\/wp\/v2\/posts\/31904\/revisions"}],"predecessor-version":[{"id":31912,"href":"https:\/\/oralhistorykosovo.org\/sq\/wp-json\/wp\/v2\/posts\/31904\/revisions\/31912"}],"wp:featuredmedia":[{"embeddable":true,"href":"https:\/\/oralhistorykosovo.org\/sq\/wp-json\/wp\/v2\/media\/31893"}],"wp:attachment":[{"href":"https:\/\/oralhistorykosovo.org\/sq\/wp-json\/wp\/v2\/media?parent=31904"}],"wp:term":[{"taxonomy":"category","embeddable":true,"href":"https:\/\/oralhistorykosovo.org\/sq\/wp-json\/wp\/v2\/categories?post=31904"},{"taxonomy":"post_tag","embeddable":true,"href":"https:\/\/oralhistorykosovo.org\/sq\/wp-json\/wp\/v2\/tags?post=31904"}],"curies":[{"name":"wp","href":"https:\/\/api.w.org\/{rel}","templated":true}]}}