{"id":2970,"date":"2014-10-08T13:20:09","date_gmt":"2014-10-08T13:20:09","guid":{"rendered":"http:\/\/oralhistorykosovo.org\/sq\/nadire-dida\/"},"modified":"2018-02-27T18:17:40","modified_gmt":"2018-02-27T18:17:40","slug":"nadire-dida","status":"publish","type":"post","link":"https:\/\/oralhistorykosovo.org\/sq\/nadire-dida\/","title":{"rendered":"Nadire Dida"},"content":{"rendered":"<p style=\"text-align: justify;\">Nadire Dida u lind n\u00eb Prishtin\u00eb me 28 n\u00ebntor 1930. Filloi t\u00eb jap m\u00ebsim n\u00eb shkoll\u00eb fillore kur ishte vet\u00ebm 16 vje\u00e7e. I takon gjenerat\u00ebs s\u00eb par\u00eb t\u00eb m\u00ebsueseve n\u00eb koh\u00ebn kur u krijuan klas\u00ebt e para t\u00eb nx\u00ebn\u00ebsve shqiptar\u00eb. \u00a0Punoi n\u00eb disa shkolla n\u00ebp\u00ebr Kosov\u00eb, at\u00eb t\u00eb Suharek\u00ebs, Prizrenit dhe Prishtin\u00ebs. Znj. Dida, punoi n\u00eb shkoll\u00ebn fillore \u201cHasan Prishtina\u201d (Asokohe Aca Maroviq) q\u00eb nga viti 1955 deri me 1977, nga ku edhe u pensionua. Ajo vdiq n\u00eb gusht, 2017.<\/p>\n","protected":false},"excerpt":{"rendered":"<p>Nadire Dida u lind n\u00eb Prishtin\u00eb me 28 n\u00ebntor 1930. Filloi t\u00eb jap m\u00ebsim n\u00eb shkoll\u00eb fillore kur ishte vet\u00ebm&#8230;<\/p>\n","protected":false},"author":7,"featured_media":3539,"comment_status":"open","ping_status":"open","sticky":false,"template":"","format":"standard","meta":{"footnotes":""},"categories":[15,13,56],"tags":[],"class_list":["post-2970","post","type-post","status-publish","format-standard","has-post-thumbnail","hentry","category-hulumtime","category-intervistat","category-womens-activism-sq","label-photo","label-transcript","label-video"],"_links":{"self":[{"href":"https:\/\/oralhistorykosovo.org\/sq\/wp-json\/wp\/v2\/posts\/2970","targetHints":{"allow":["GET"]}}],"collection":[{"href":"https:\/\/oralhistorykosovo.org\/sq\/wp-json\/wp\/v2\/posts"}],"about":[{"href":"https:\/\/oralhistorykosovo.org\/sq\/wp-json\/wp\/v2\/types\/post"}],"author":[{"embeddable":true,"href":"https:\/\/oralhistorykosovo.org\/sq\/wp-json\/wp\/v2\/users\/7"}],"replies":[{"embeddable":true,"href":"https:\/\/oralhistorykosovo.org\/sq\/wp-json\/wp\/v2\/comments?post=2970"}],"version-history":[{"count":19,"href":"https:\/\/oralhistorykosovo.org\/sq\/wp-json\/wp\/v2\/posts\/2970\/revisions"}],"predecessor-version":[{"id":12908,"href":"https:\/\/oralhistorykosovo.org\/sq\/wp-json\/wp\/v2\/posts\/2970\/revisions\/12908"}],"wp:featuredmedia":[{"embeddable":true,"href":"https:\/\/oralhistorykosovo.org\/sq\/wp-json\/wp\/v2\/media\/3539"}],"wp:attachment":[{"href":"https:\/\/oralhistorykosovo.org\/sq\/wp-json\/wp\/v2\/media?parent=2970"}],"wp:term":[{"taxonomy":"category","embeddable":true,"href":"https:\/\/oralhistorykosovo.org\/sq\/wp-json\/wp\/v2\/categories?post=2970"},{"taxonomy":"post_tag","embeddable":true,"href":"https:\/\/oralhistorykosovo.org\/sq\/wp-json\/wp\/v2\/tags?post=2970"}],"curies":[{"name":"wp","href":"https:\/\/api.w.org\/{rel}","templated":true}]}}