{"id":2811,"date":"2013-02-19T20:32:45","date_gmt":"2013-02-19T20:32:45","guid":{"rendered":"http:\/\/oralhistorykosovo.org\/sq\/vahide-hoxha\/"},"modified":"2018-01-16T10:30:54","modified_gmt":"2018-01-16T10:30:54","slug":"vahide-hoxha","status":"publish","type":"post","link":"https:\/\/oralhistorykosovo.org\/sq\/vahide-hoxha\/","title":{"rendered":"Vahide Hoxha"},"content":{"rendered":"<p style=\"text-align: justify;\"><span style=\"font-weight: 400;\">Vahide Hoxha (1926-2013) punoi si edukatore gjat\u00eb t\u00ebr\u00eb jet\u00ebs, ishte reformuese dhe aktiviste. E lindur n\u00eb Prizren n\u00eb familjen e ngritur Kabashi, s\u00eb bashku me motr\u00ebn Rahmije ishin grat\u00eb e para shqiptare n\u00eb Prizren q\u00eb kishin p\u00ebrfunduar studimet universitare. Gjat\u00eb Luft\u00ebs s\u00eb Dyt\u00eb Bot\u00ebrore, Vahidja u b\u00eb aktive n\u00eb l\u00ebvizjen e t\u00eb rinj\u00ebve anti-fashiste ku edhe takoi t\u00eb shoqin komandatin partizan dhe udh\u00ebheq\u00ebsin e Kosov\u00ebs s\u00eb pas luft\u00ebs Fadil Hoxh\u00ebn. Pas luft\u00ebs, Vahidja p\u00ebrfundoi studimet n\u00eb deg\u00ebn e historis\u00eb dhe u aktivizua si m\u00ebsuese, hulumtuese dhe aktiviste n\u00eb emancipimin e gruas. Si presidente t\u00eb K\u00ebshillit Kulturor t\u00eb Kosov\u00ebs, ajo mbik\u00ebqyri krijimin e serive t\u00eb institucioneve edukative dhe kulturore kudo n\u00eb Kosov\u00eb. Para vdekjes ishte kryetare e Shoqat\u00ebs s\u00eb Veteran\u00ebve s\u00eb Luft\u00ebs Nacionale Anti-fashiste t\u00eb Kosov\u00ebs. <\/span><\/p>\n","protected":false},"excerpt":{"rendered":"<p>Vahide Hoxha (1926-2013) punoi si edukatore gjat\u00eb t\u00ebr\u00eb jet\u00ebs, ishte reformuese dhe aktiviste. E lindur n\u00eb Prizren n\u00eb familjen e&#8230;<\/p>\n","protected":false},"author":7,"featured_media":6924,"comment_status":"open","ping_status":"open","sticky":false,"template":"","format":"standard","meta":{"footnotes":""},"categories":[15,13,56],"tags":[],"class_list":["post-2811","post","type-post","status-publish","format-standard","has-post-thumbnail","hentry","category-hulumtime","category-intervistat","category-womens-activism-sq","label-photo","label-transcript","label-video"],"_links":{"self":[{"href":"https:\/\/oralhistorykosovo.org\/sq\/wp-json\/wp\/v2\/posts\/2811","targetHints":{"allow":["GET"]}}],"collection":[{"href":"https:\/\/oralhistorykosovo.org\/sq\/wp-json\/wp\/v2\/posts"}],"about":[{"href":"https:\/\/oralhistorykosovo.org\/sq\/wp-json\/wp\/v2\/types\/post"}],"author":[{"embeddable":true,"href":"https:\/\/oralhistorykosovo.org\/sq\/wp-json\/wp\/v2\/users\/7"}],"replies":[{"embeddable":true,"href":"https:\/\/oralhistorykosovo.org\/sq\/wp-json\/wp\/v2\/comments?post=2811"}],"version-history":[{"count":14,"href":"https:\/\/oralhistorykosovo.org\/sq\/wp-json\/wp\/v2\/posts\/2811\/revisions"}],"predecessor-version":[{"id":12162,"href":"https:\/\/oralhistorykosovo.org\/sq\/wp-json\/wp\/v2\/posts\/2811\/revisions\/12162"}],"wp:featuredmedia":[{"embeddable":true,"href":"https:\/\/oralhistorykosovo.org\/sq\/wp-json\/wp\/v2\/media\/6924"}],"wp:attachment":[{"href":"https:\/\/oralhistorykosovo.org\/sq\/wp-json\/wp\/v2\/media?parent=2811"}],"wp:term":[{"taxonomy":"category","embeddable":true,"href":"https:\/\/oralhistorykosovo.org\/sq\/wp-json\/wp\/v2\/categories?post=2811"},{"taxonomy":"post_tag","embeddable":true,"href":"https:\/\/oralhistorykosovo.org\/sq\/wp-json\/wp\/v2\/tags?post=2811"}],"curies":[{"name":"wp","href":"https:\/\/api.w.org\/{rel}","templated":true}]}}