{"id":2773,"date":"2015-02-07T19:37:24","date_gmt":"2015-02-07T19:37:24","guid":{"rendered":"http:\/\/oralhistorykosovo.org\/sq\/luljeta-myftari-bajri\/"},"modified":"2017-02-25T02:32:29","modified_gmt":"2017-02-25T02:32:29","slug":"luljeta-myftari-bajri","status":"publish","type":"post","link":"https:\/\/oralhistorykosovo.org\/sq\/luljeta-myftari-bajri\/","title":{"rendered":"Luljeta Myftari Bajri"},"content":{"rendered":"<p>Luljeta Myftari Bajri \u00ebsht\u00eb juriste dhe u lind n\u00eb Pej\u00eb n\u00eb vitin 1943. Ajo punoi n\u00eb shkoll\u00ebn fillore \u201c8 Marsi\u201d si sekretare dhe gjat\u00eb viteve t\u00eb 90-ta iu bashkangjit\u00eb Forumit t\u00eb Gruas t\u00eb LDK-s\u00eb, deg\u00ebn e Pej\u00ebs t\u00eb cil\u00ebn\u00a0edhe e udh\u00ebhoqi p\u00ebr nj\u00eb koh\u00eb. Bajri vazhdon t\u00eb merret me aktivitete t\u00eb ndryshme bamir\u00ebse. Tash e penzionuar, Bajri jeton n\u00eb Pej\u00eb me familjen e saj.<\/p>\n","protected":false},"excerpt":{"rendered":"<p>Luljeta Myftari Bajri \u00ebsht\u00eb juriste dhe u lind n\u00eb Pej\u00eb n\u00eb vitin 1943. Ajo punoi n\u00eb shkoll\u00ebn fillore \u201c8 Marsi\u201d&#8230;<\/p>\n","protected":false},"author":7,"featured_media":3614,"comment_status":"open","ping_status":"open","sticky":false,"template":"","format":"standard","meta":{"footnotes":""},"categories":[15,13,51,56],"tags":[],"class_list":["post-2773","post","type-post","status-publish","format-standard","has-post-thumbnail","hentry","category-hulumtime","category-intervistat","category-the-second-world-war-sq-2","category-womens-activism-sq","label-photo","label-transcript","label-video"],"_links":{"self":[{"href":"https:\/\/oralhistorykosovo.org\/sq\/wp-json\/wp\/v2\/posts\/2773","targetHints":{"allow":["GET"]}}],"collection":[{"href":"https:\/\/oralhistorykosovo.org\/sq\/wp-json\/wp\/v2\/posts"}],"about":[{"href":"https:\/\/oralhistorykosovo.org\/sq\/wp-json\/wp\/v2\/types\/post"}],"author":[{"embeddable":true,"href":"https:\/\/oralhistorykosovo.org\/sq\/wp-json\/wp\/v2\/users\/7"}],"replies":[{"embeddable":true,"href":"https:\/\/oralhistorykosovo.org\/sq\/wp-json\/wp\/v2\/comments?post=2773"}],"version-history":[{"count":23,"href":"https:\/\/oralhistorykosovo.org\/sq\/wp-json\/wp\/v2\/posts\/2773\/revisions"}],"predecessor-version":[{"id":9415,"href":"https:\/\/oralhistorykosovo.org\/sq\/wp-json\/wp\/v2\/posts\/2773\/revisions\/9415"}],"wp:featuredmedia":[{"embeddable":true,"href":"https:\/\/oralhistorykosovo.org\/sq\/wp-json\/wp\/v2\/media\/3614"}],"wp:attachment":[{"href":"https:\/\/oralhistorykosovo.org\/sq\/wp-json\/wp\/v2\/media?parent=2773"}],"wp:term":[{"taxonomy":"category","embeddable":true,"href":"https:\/\/oralhistorykosovo.org\/sq\/wp-json\/wp\/v2\/categories?post=2773"},{"taxonomy":"post_tag","embeddable":true,"href":"https:\/\/oralhistorykosovo.org\/sq\/wp-json\/wp\/v2\/tags?post=2773"}],"curies":[{"name":"wp","href":"https:\/\/api.w.org\/{rel}","templated":true}]}}