{"id":2688,"date":"2013-06-13T17:10:53","date_gmt":"2013-06-13T17:10:53","guid":{"rendered":"http:\/\/oralhistorykosovo.org\/sq\/remzije-dauti\/"},"modified":"2018-01-16T11:15:49","modified_gmt":"2018-01-16T11:15:49","slug":"remzije-dauti","status":"publish","type":"post","link":"https:\/\/oralhistorykosovo.org\/sq\/remzije-dauti\/","title":{"rendered":"Remzije Dauti"},"content":{"rendered":"<p style=\"text-align: justify;\"><span style=\"font-weight: 400;\">Remzije Dauti u lind n\u00eb Mitrovic\u00eb. Vjen nga nj\u00eb familje ulqinake dhe gjakovare. T\u00ebr\u00eb jet\u00ebn e kaloi n\u00eb Mitrovic\u00eb ku p\u00ebrfundoi Shkoll\u00ebn Normale ku edhe u takua me bashk\u00ebshortin Rasimin. Ishte nd\u00ebr grat\u00eb e para m\u00ebsuese. Kontributin e saj si aktiviste dhe m\u00ebsuese e ka dh\u00ebn\u00eb n\u00eb Starit\u00ebrg ku filloi t\u00eb organizonte takime me grat\u00eb<\/span> <span style=\"font-weight: 400;\">e rrethin\u00ebs dhe t\u2019i m\u00ebsonte receta gatimi, t\u00eb qepnin etj. S\u00eb bashku me vajz\u00ebn Dit\u00ebn i kan\u00eb dhuruar shkoll\u00ebs s\u00eb re t\u00eb Starit\u00ebrg-ut kompjutera. \u00a0Ka tre vajza dhe jeton me t\u00eb shoqin n\u00eb mes t\u00eb SHBA-ve dhe Kosov\u00ebs.<\/span><\/p>\n","protected":false},"excerpt":{"rendered":"<p>Remzije Dauti u lind n\u00eb Mitrovic\u00eb. Vjen nga nj\u00eb familje ulqinake dhe gjakovare. T\u00ebr\u00eb jet\u00ebn e kaloi n\u00eb Mitrovic\u00eb ku&#8230;<\/p>\n","protected":false},"author":7,"featured_media":2685,"comment_status":"open","ping_status":"open","sticky":false,"template":"","format":"standard","meta":{"footnotes":""},"categories":[15,13,56],"tags":[],"class_list":["post-2688","post","type-post","status-publish","format-standard","has-post-thumbnail","hentry","category-hulumtime","category-intervistat","category-womens-activism-sq","label-photo","label-transcript","label-video"],"_links":{"self":[{"href":"https:\/\/oralhistorykosovo.org\/sq\/wp-json\/wp\/v2\/posts\/2688","targetHints":{"allow":["GET"]}}],"collection":[{"href":"https:\/\/oralhistorykosovo.org\/sq\/wp-json\/wp\/v2\/posts"}],"about":[{"href":"https:\/\/oralhistorykosovo.org\/sq\/wp-json\/wp\/v2\/types\/post"}],"author":[{"embeddable":true,"href":"https:\/\/oralhistorykosovo.org\/sq\/wp-json\/wp\/v2\/users\/7"}],"replies":[{"embeddable":true,"href":"https:\/\/oralhistorykosovo.org\/sq\/wp-json\/wp\/v2\/comments?post=2688"}],"version-history":[{"count":11,"href":"https:\/\/oralhistorykosovo.org\/sq\/wp-json\/wp\/v2\/posts\/2688\/revisions"}],"predecessor-version":[{"id":12184,"href":"https:\/\/oralhistorykosovo.org\/sq\/wp-json\/wp\/v2\/posts\/2688\/revisions\/12184"}],"wp:featuredmedia":[{"embeddable":true,"href":"https:\/\/oralhistorykosovo.org\/sq\/wp-json\/wp\/v2\/media\/2685"}],"wp:attachment":[{"href":"https:\/\/oralhistorykosovo.org\/sq\/wp-json\/wp\/v2\/media?parent=2688"}],"wp:term":[{"taxonomy":"category","embeddable":true,"href":"https:\/\/oralhistorykosovo.org\/sq\/wp-json\/wp\/v2\/categories?post=2688"},{"taxonomy":"post_tag","embeddable":true,"href":"https:\/\/oralhistorykosovo.org\/sq\/wp-json\/wp\/v2\/tags?post=2688"}],"curies":[{"name":"wp","href":"https:\/\/api.w.org\/{rel}","templated":true}]}}