{"id":26672,"date":"2020-08-14T16:14:41","date_gmt":"2020-08-14T16:14:41","guid":{"rendered":"https:\/\/oralhistorykosovo.org\/?p=26672"},"modified":"2025-10-15T16:26:46","modified_gmt":"2025-10-15T16:26:46","slug":"edmond-pruthi","status":"publish","type":"post","link":"https:\/\/oralhistorykosovo.org\/sq\/edmond-pruthi\/","title":{"rendered":"Edmond Pruthi"},"content":{"rendered":"<p><span style=\"font-weight: 400;\">Edmond (Edi) Pruthi u lind m\u00eb 22 mars 1974 n\u00eb Mitrovic\u00eb. N\u00eb mesin e viteve t\u00eb \u201880-ta, familja e tij e ka hapur dyqanin me loj\u00ebra kompjuterike \u201cEdi Club\u201d n\u00eb Prishtin\u00eb, m\u00eb von\u00eb biznesin e ka vazhduar z. Pruthi edhe n\u00eb Mitrovic\u00eb. N\u00eb vitin 1999 \u00ebsht\u00eb shp\u00ebrngulur s\u00eb bashku me familjen n\u00eb Nju Jork. N\u00eb vitin 2000 e fillon pun\u00ebn si IT n\u00eb organizat\u00ebn <\/span><span style=\"font-weight: 400;\">International Rescue Committee (<\/span><span style=\"font-weight: 400;\">IRC). Gjat\u00eb q\u00ebndrimit n\u00eb SHBA, e ka hapur edhe radio \u201cMelosi\u201d, n\u00eb gjuh\u00ebn shqipe. \u00cbsht\u00eb baba i dy f\u00ebmij\u00ebve dhe jeton me familjen n\u00eb Nju Jork.<\/span><\/p>\n","protected":false},"excerpt":{"rendered":"<p>Edmond (Edi) Pruthi u lind m\u00eb 22 mars 1974 n\u00eb Mitrovic\u00eb. N\u00eb mesin e viteve t\u00eb \u201880-ta, familja e tij&#8230;<\/p>\n","protected":false},"author":564,"featured_media":26668,"comment_status":"open","ping_status":"open","sticky":false,"template":"","format":"standard","meta":{"footnotes":""},"categories":[13],"tags":[],"class_list":["post-26672","post","type-post","status-publish","format-standard","has-post-thumbnail","hentry","category-intervistat"],"_links":{"self":[{"href":"https:\/\/oralhistorykosovo.org\/sq\/wp-json\/wp\/v2\/posts\/26672","targetHints":{"allow":["GET"]}}],"collection":[{"href":"https:\/\/oralhistorykosovo.org\/sq\/wp-json\/wp\/v2\/posts"}],"about":[{"href":"https:\/\/oralhistorykosovo.org\/sq\/wp-json\/wp\/v2\/types\/post"}],"author":[{"embeddable":true,"href":"https:\/\/oralhistorykosovo.org\/sq\/wp-json\/wp\/v2\/users\/564"}],"replies":[{"embeddable":true,"href":"https:\/\/oralhistorykosovo.org\/sq\/wp-json\/wp\/v2\/comments?post=26672"}],"version-history":[{"count":2,"href":"https:\/\/oralhistorykosovo.org\/sq\/wp-json\/wp\/v2\/posts\/26672\/revisions"}],"predecessor-version":[{"id":26689,"href":"https:\/\/oralhistorykosovo.org\/sq\/wp-json\/wp\/v2\/posts\/26672\/revisions\/26689"}],"wp:featuredmedia":[{"embeddable":true,"href":"https:\/\/oralhistorykosovo.org\/sq\/wp-json\/wp\/v2\/media\/26668"}],"wp:attachment":[{"href":"https:\/\/oralhistorykosovo.org\/sq\/wp-json\/wp\/v2\/media?parent=26672"}],"wp:term":[{"taxonomy":"category","embeddable":true,"href":"https:\/\/oralhistorykosovo.org\/sq\/wp-json\/wp\/v2\/categories?post=26672"},{"taxonomy":"post_tag","embeddable":true,"href":"https:\/\/oralhistorykosovo.org\/sq\/wp-json\/wp\/v2\/tags?post=26672"}],"curies":[{"name":"wp","href":"https:\/\/api.w.org\/{rel}","templated":true}]}}