{"id":26539,"date":"2020-10-23T12:31:45","date_gmt":"2020-10-23T12:31:45","guid":{"rendered":"https:\/\/oralhistorykosovo.org\/?p=26539"},"modified":"2025-10-14T12:39:01","modified_gmt":"2025-10-14T12:39:01","slug":"luljeta-ceku","status":"publish","type":"post","link":"https:\/\/oralhistorykosovo.org\/sq\/luljeta-ceku\/","title":{"rendered":"Luljeta \u00c7eku"},"content":{"rendered":"<p><span style=\"font-weight: 400;\">Luljeta \u00c7eku u lind n\u00eb vitin 1953 n\u00eb Prizren. Ajo \u00ebsht\u00eb aktore dhe regjisore e vler\u00ebsuar me \u00e7mime t\u00eb r\u00ebnd\u00ebsishme p\u00ebr teat\u00ebr. Znj. \u00c7eku p\u00ebrfundoi studimet p\u00ebr aktrim n\u00eb Shkoll\u00ebn e Lart\u00eb Pedagogjike, pran\u00eb Universitetit t\u00eb Prishtin\u00ebs n\u00eb vitin 1971. N\u00eb t\u00eb nj\u00ebjtin vit, ajo u pun\u00ebsua si aktore n\u00eb Teatrin Popullor Krahinor n\u00eb Prishtin\u00eb. N\u00eb vitin 1972, ajo \u00ebsht\u00eb bartur n\u00eb Teatrin e qytetit t\u00eb Prizrenit. M\u00eb von\u00eb, n\u00eb vitin 1980, ajo specializoi p\u00ebr regji t\u00eb teatrit n\u00eb DAMU &#8211; Akademia e Arteve Performuese n\u00eb Prag\u00eb. Pas kthimit nga Praga, vazhdoi pun\u00ebn n\u00eb Teatrin e qytetit t\u00eb Prizrenit si aktore dhe regjisore e shum\u00eb pjes\u00ebve dramatike t\u00eb autor\u00ebve shqiptar\u00eb dhe t\u00eb huaj. Nga viti 1992, znj. \u00c7eku jeton dhe punon mes Prizrenit dhe Londr\u00ebs.<\/span><\/p>\n","protected":false},"excerpt":{"rendered":"<p>Luljeta \u00c7eku u lind n\u00eb vitin 1953 n\u00eb Prizren. Ajo \u00ebsht\u00eb aktore dhe regjisore e vler\u00ebsuar me \u00e7mime t\u00eb r\u00ebnd\u00ebsishme&#8230;<\/p>\n","protected":false},"author":564,"featured_media":26535,"comment_status":"open","ping_status":"open","sticky":false,"template":"","format":"standard","meta":{"footnotes":""},"categories":[13],"tags":[],"class_list":["post-26539","post","type-post","status-publish","format-standard","has-post-thumbnail","hentry","category-intervistat"],"_links":{"self":[{"href":"https:\/\/oralhistorykosovo.org\/sq\/wp-json\/wp\/v2\/posts\/26539","targetHints":{"allow":["GET"]}}],"collection":[{"href":"https:\/\/oralhistorykosovo.org\/sq\/wp-json\/wp\/v2\/posts"}],"about":[{"href":"https:\/\/oralhistorykosovo.org\/sq\/wp-json\/wp\/v2\/types\/post"}],"author":[{"embeddable":true,"href":"https:\/\/oralhistorykosovo.org\/sq\/wp-json\/wp\/v2\/users\/564"}],"replies":[{"embeddable":true,"href":"https:\/\/oralhistorykosovo.org\/sq\/wp-json\/wp\/v2\/comments?post=26539"}],"version-history":[{"count":2,"href":"https:\/\/oralhistorykosovo.org\/sq\/wp-json\/wp\/v2\/posts\/26539\/revisions"}],"predecessor-version":[{"id":26556,"href":"https:\/\/oralhistorykosovo.org\/sq\/wp-json\/wp\/v2\/posts\/26539\/revisions\/26556"}],"wp:featuredmedia":[{"embeddable":true,"href":"https:\/\/oralhistorykosovo.org\/sq\/wp-json\/wp\/v2\/media\/26535"}],"wp:attachment":[{"href":"https:\/\/oralhistorykosovo.org\/sq\/wp-json\/wp\/v2\/media?parent=26539"}],"wp:term":[{"taxonomy":"category","embeddable":true,"href":"https:\/\/oralhistorykosovo.org\/sq\/wp-json\/wp\/v2\/categories?post=26539"},{"taxonomy":"post_tag","embeddable":true,"href":"https:\/\/oralhistorykosovo.org\/sq\/wp-json\/wp\/v2\/tags?post=26539"}],"curies":[{"name":"wp","href":"https:\/\/api.w.org\/{rel}","templated":true}]}}