{"id":26486,"date":"2025-10-13T12:12:33","date_gmt":"2025-10-13T12:12:33","guid":{"rendered":"https:\/\/oralhistorykosovo.org\/?p=26486"},"modified":"2025-10-13T12:17:30","modified_gmt":"2025-10-13T12:17:30","slug":"halim-hyseni","status":"publish","type":"post","link":"https:\/\/oralhistorykosovo.org\/sq\/halim-hyseni\/","title":{"rendered":"Halim Hyseni"},"content":{"rendered":"<p><span style=\"font-weight: 400;\">Halim Hyseni u lind m\u00eb 12 qershor, 1944 n\u00eb Kapit t\u00eb Medvegj\u00ebs. Ai e p\u00ebrfundoi Shkoll\u00ebn Normale \u201cMilladin Popoviq\u201d n\u00eb Prishtin\u00eb dhe kat\u00ebrvje\u00e7arin e Fakultetit t\u00eb Pedagogjis\u00eb. Ka qen\u00eb drejtor i Institutit Pedagogjik para luft\u00ebs dhe pas luft\u00ebs ishte nj\u00eb nga ekspert\u00ebt q\u00eb hartuan sistemin arsimor. Gjat\u00eb viteve \u201890, ai ishte nj\u00eb nga organizator\u00ebt kryesor\u00eb t\u00eb sistemit paralel t\u00eb arsimit n\u00eb Kosov\u00eb.<\/span><\/p>\n","protected":false},"excerpt":{"rendered":"<p>Halim Hyseni u lind m\u00eb 12 qershor, 1944 n\u00eb Kapit t\u00eb Medvegj\u00ebs. Ai e p\u00ebrfundoi Shkoll\u00ebn Normale \u201cMilladin Popoviq\u201d n\u00eb&#8230;<\/p>\n","protected":false},"author":564,"featured_media":26482,"comment_status":"open","ping_status":"open","sticky":false,"template":"","format":"standard","meta":{"footnotes":""},"categories":[15,13,134],"tags":[],"class_list":["post-26486","post","type-post","status-publish","format-standard","has-post-thumbnail","hentry","category-hulumtime","category-intervistat","category-shtepite-shkolla-te-viteve-1990"],"_links":{"self":[{"href":"https:\/\/oralhistorykosovo.org\/sq\/wp-json\/wp\/v2\/posts\/26486","targetHints":{"allow":["GET"]}}],"collection":[{"href":"https:\/\/oralhistorykosovo.org\/sq\/wp-json\/wp\/v2\/posts"}],"about":[{"href":"https:\/\/oralhistorykosovo.org\/sq\/wp-json\/wp\/v2\/types\/post"}],"author":[{"embeddable":true,"href":"https:\/\/oralhistorykosovo.org\/sq\/wp-json\/wp\/v2\/users\/564"}],"replies":[{"embeddable":true,"href":"https:\/\/oralhistorykosovo.org\/sq\/wp-json\/wp\/v2\/comments?post=26486"}],"version-history":[{"count":2,"href":"https:\/\/oralhistorykosovo.org\/sq\/wp-json\/wp\/v2\/posts\/26486\/revisions"}],"predecessor-version":[{"id":26496,"href":"https:\/\/oralhistorykosovo.org\/sq\/wp-json\/wp\/v2\/posts\/26486\/revisions\/26496"}],"wp:featuredmedia":[{"embeddable":true,"href":"https:\/\/oralhistorykosovo.org\/sq\/wp-json\/wp\/v2\/media\/26482"}],"wp:attachment":[{"href":"https:\/\/oralhistorykosovo.org\/sq\/wp-json\/wp\/v2\/media?parent=26486"}],"wp:term":[{"taxonomy":"category","embeddable":true,"href":"https:\/\/oralhistorykosovo.org\/sq\/wp-json\/wp\/v2\/categories?post=26486"},{"taxonomy":"post_tag","embeddable":true,"href":"https:\/\/oralhistorykosovo.org\/sq\/wp-json\/wp\/v2\/tags?post=26486"}],"curies":[{"name":"wp","href":"https:\/\/api.w.org\/{rel}","templated":true}]}}