{"id":26011,"date":"2021-08-04T14:08:09","date_gmt":"2021-08-04T14:08:09","guid":{"rendered":"https:\/\/oralhistorykosovo.org\/?p=26011"},"modified":"2025-10-07T14:10:25","modified_gmt":"2025-10-07T14:10:25","slug":"belul-mustafi","status":"publish","type":"post","link":"https:\/\/oralhistorykosovo.org\/sq\/belul-mustafi\/","title":{"rendered":"Belul Mustafi"},"content":{"rendered":"<p><span style=\"font-weight: 400;\">N\u00eb vitin 2019, u ul\u00ebm me Belul Mustafin, pronarin e tanish\u00ebm t\u00eb \u00ebmbeltor\u00ebs Elida. Babai i tij, Nexhati, e hapi Elid\u00ebn n\u00eb vitin 1978. Kat\u00ebrdhjet\u00eb e tri vite m\u00eb von\u00eb, Elida me enterierin e saj mir\u00eb t\u00eb ruajtur, ul\u00ebset n\u00eb stilin Bauhaus t\u00eb shoq\u00ebruara me nj\u00eb shampite, na sh\u00ebrbejn\u00eb udh\u00ebtime n\u00eb koh\u00eb.<\/span><\/p>\n","protected":false},"excerpt":{"rendered":"<p>N\u00eb vitin 2019, u ul\u00ebm me Belul Mustafin, pronarin e tanish\u00ebm t\u00eb \u00ebmbeltor\u00ebs Elida. Babai i tij, Nexhati, e hapi&#8230;<\/p>\n","protected":false},"author":564,"featured_media":26007,"comment_status":"open","ping_status":"open","sticky":false,"template":"","format":"standard","meta":{"footnotes":""},"categories":[13],"tags":[],"class_list":["post-26011","post","type-post","status-publish","format-standard","has-post-thumbnail","hentry","category-intervistat"],"_links":{"self":[{"href":"https:\/\/oralhistorykosovo.org\/sq\/wp-json\/wp\/v2\/posts\/26011","targetHints":{"allow":["GET"]}}],"collection":[{"href":"https:\/\/oralhistorykosovo.org\/sq\/wp-json\/wp\/v2\/posts"}],"about":[{"href":"https:\/\/oralhistorykosovo.org\/sq\/wp-json\/wp\/v2\/types\/post"}],"author":[{"embeddable":true,"href":"https:\/\/oralhistorykosovo.org\/sq\/wp-json\/wp\/v2\/users\/564"}],"replies":[{"embeddable":true,"href":"https:\/\/oralhistorykosovo.org\/sq\/wp-json\/wp\/v2\/comments?post=26011"}],"version-history":[{"count":2,"href":"https:\/\/oralhistorykosovo.org\/sq\/wp-json\/wp\/v2\/posts\/26011\/revisions"}],"predecessor-version":[{"id":26020,"href":"https:\/\/oralhistorykosovo.org\/sq\/wp-json\/wp\/v2\/posts\/26011\/revisions\/26020"}],"wp:featuredmedia":[{"embeddable":true,"href":"https:\/\/oralhistorykosovo.org\/sq\/wp-json\/wp\/v2\/media\/26007"}],"wp:attachment":[{"href":"https:\/\/oralhistorykosovo.org\/sq\/wp-json\/wp\/v2\/media?parent=26011"}],"wp:term":[{"taxonomy":"category","embeddable":true,"href":"https:\/\/oralhistorykosovo.org\/sq\/wp-json\/wp\/v2\/categories?post=26011"},{"taxonomy":"post_tag","embeddable":true,"href":"https:\/\/oralhistorykosovo.org\/sq\/wp-json\/wp\/v2\/tags?post=26011"}],"curies":[{"name":"wp","href":"https:\/\/api.w.org\/{rel}","templated":true}]}}