{"id":25634,"date":"2021-11-26T08:12:24","date_gmt":"2021-11-26T08:12:24","guid":{"rendered":"https:\/\/oralhistorykosovo.org\/kaqusha-jashari\/"},"modified":"2025-09-11T08:28:21","modified_gmt":"2025-09-11T08:28:21","slug":"kaqusha-jashari","status":"publish","type":"post","link":"https:\/\/oralhistorykosovo.org\/sq\/kaqusha-jashari\/","title":{"rendered":"Kaqusha Jashari"},"content":{"rendered":"<p><span style=\"font-weight: 400;\">Kaqusha Jashari u lind n\u00eb vitin 1946 n\u00eb Skenderaj. Ajo e p\u00ebrfundoi Fakultetin Teknik dhe t\u00eb\u00a0 Nd\u00ebrtimtaris\u00eb n\u00eb Beograd. Nga viti 1975 deri n\u00eb vitin 1988 ka pasur funksione t\u00eb larta n\u00eb Lidhjen e Komunist\u00ebve t\u00eb Kosov\u00ebs, ku n\u00eb vitin 1988 ka qen\u00eb kryetare e Lidhjes s\u00eb Komunist\u00ebve. Pas largimin nga detyra ajo ka vazhduar t\u00eb punoj si drejtoresh\u00eb e Fondit t\u00eb Rrug\u00ebve t\u00eb Kosov\u00ebs nga viti 1989 deri n\u00eb vitin 1991. Nd\u00ebrsa, nga viti 1998\u20132008, znj. Jashari ka qen\u00eb kryetare e Partis\u00eb Socialdemokrate. N\u00eb vitin 2007 ka qen\u00eb deputete n\u00eb Parlamentin e Republik\u00ebs s\u00eb Kosov\u00ebs. Ajo vdiq n\u00eb vitin 2025.<\/span><\/p>\n","protected":false},"excerpt":{"rendered":"<p>Kaqusha Jashari u lind n\u00eb vitin 1946 n\u00eb Skenderaj. Ajo e p\u00ebrfundoi Fakultetin Teknik dhe t\u00eb\u00a0 Nd\u00ebrtimtaris\u00eb n\u00eb Beograd. Nga&#8230;<\/p>\n","protected":false},"author":564,"featured_media":25629,"comment_status":"open","ping_status":"open","sticky":false,"template":"","format":"standard","meta":{"footnotes":""},"categories":[132,15,13],"tags":[],"class_list":["post-25634","post","type-post","status-publish","format-standard","has-post-thumbnail","hentry","category-greva-e-minatoreve-1989","category-hulumtime","category-intervistat"],"_links":{"self":[{"href":"https:\/\/oralhistorykosovo.org\/sq\/wp-json\/wp\/v2\/posts\/25634","targetHints":{"allow":["GET"]}}],"collection":[{"href":"https:\/\/oralhistorykosovo.org\/sq\/wp-json\/wp\/v2\/posts"}],"about":[{"href":"https:\/\/oralhistorykosovo.org\/sq\/wp-json\/wp\/v2\/types\/post"}],"author":[{"embeddable":true,"href":"https:\/\/oralhistorykosovo.org\/sq\/wp-json\/wp\/v2\/users\/564"}],"replies":[{"embeddable":true,"href":"https:\/\/oralhistorykosovo.org\/sq\/wp-json\/wp\/v2\/comments?post=25634"}],"version-history":[{"count":3,"href":"https:\/\/oralhistorykosovo.org\/sq\/wp-json\/wp\/v2\/posts\/25634\/revisions"}],"predecessor-version":[{"id":25653,"href":"https:\/\/oralhistorykosovo.org\/sq\/wp-json\/wp\/v2\/posts\/25634\/revisions\/25653"}],"wp:featuredmedia":[{"embeddable":true,"href":"https:\/\/oralhistorykosovo.org\/sq\/wp-json\/wp\/v2\/media\/25629"}],"wp:attachment":[{"href":"https:\/\/oralhistorykosovo.org\/sq\/wp-json\/wp\/v2\/media?parent=25634"}],"wp:term":[{"taxonomy":"category","embeddable":true,"href":"https:\/\/oralhistorykosovo.org\/sq\/wp-json\/wp\/v2\/categories?post=25634"},{"taxonomy":"post_tag","embeddable":true,"href":"https:\/\/oralhistorykosovo.org\/sq\/wp-json\/wp\/v2\/tags?post=25634"}],"curies":[{"name":"wp","href":"https:\/\/api.w.org\/{rel}","templated":true}]}}