{"id":25600,"date":"2021-12-10T07:58:24","date_gmt":"2021-12-10T07:58:24","guid":{"rendered":"https:\/\/oralhistorykosovo.org\/veton-nurkollari\/"},"modified":"2025-09-11T08:05:42","modified_gmt":"2025-09-11T08:05:42","slug":"veton-nurkollari","status":"publish","type":"post","link":"https:\/\/oralhistorykosovo.org\/sq\/veton-nurkollari\/","title":{"rendered":"Veton Nurkollari"},"content":{"rendered":"<p><span style=\"font-weight: 400;\">Veton Nurkollari ka lindur n\u00eb vitin 1962 n\u00eb Prizren. Ai \u00ebsht\u00eb Drejtor Artistik i DokuFest, festivalit m\u00eb t\u00eb r\u00ebnd\u00ebsish\u00ebm t\u00eb filmit dokumentar dhe t\u00eb shkurt\u00ebr n\u00eb Kosov\u00eb, t\u00eb cilin e ka bashk\u00ebthemeluar n\u00eb vitin 2002. Ai \u00ebsht\u00eb gjithashtu nj\u00eb nga kurator\u00ebt e DokuPhoto, nj\u00eb ekspozit\u00eb vjetore e fotografis\u00eb dokumentare q\u00eb zhvillohet krahas festivalit. Z. Nurkollari rregullisht kuron programe filmike dhe juri n\u00eb festivale t\u00eb ndryshme t\u00eb filmit dhe \u00ebsht\u00eb i p\u00ebrfshir\u00eb n\u00eb mentorimin e filmb\u00ebr\u00ebsve dkumentar\u00eb t\u00eb rinj nga Kosova. Aktualisht z. Nurkollari punon dhe jeton me familjen n\u00eb Prizren.<\/span><\/p>\n","protected":false},"excerpt":{"rendered":"<p>Veton Nurkollari ka lindur n\u00eb vitin 1962 n\u00eb Prizren. Ai \u00ebsht\u00eb Drejtor Artistik i DokuFest, festivalit m\u00eb t\u00eb r\u00ebnd\u00ebsish\u00ebm t\u00eb&#8230;<\/p>\n","protected":false},"author":564,"featured_media":25596,"comment_status":"open","ping_status":"open","sticky":false,"template":"","format":"standard","meta":{"footnotes":""},"categories":[13],"tags":[],"class_list":["post-25600","post","type-post","status-publish","format-standard","has-post-thumbnail","hentry","category-intervistat"],"_links":{"self":[{"href":"https:\/\/oralhistorykosovo.org\/sq\/wp-json\/wp\/v2\/posts\/25600","targetHints":{"allow":["GET"]}}],"collection":[{"href":"https:\/\/oralhistorykosovo.org\/sq\/wp-json\/wp\/v2\/posts"}],"about":[{"href":"https:\/\/oralhistorykosovo.org\/sq\/wp-json\/wp\/v2\/types\/post"}],"author":[{"embeddable":true,"href":"https:\/\/oralhistorykosovo.org\/sq\/wp-json\/wp\/v2\/users\/564"}],"replies":[{"embeddable":true,"href":"https:\/\/oralhistorykosovo.org\/sq\/wp-json\/wp\/v2\/comments?post=25600"}],"version-history":[{"count":3,"href":"https:\/\/oralhistorykosovo.org\/sq\/wp-json\/wp\/v2\/posts\/25600\/revisions"}],"predecessor-version":[{"id":25619,"href":"https:\/\/oralhistorykosovo.org\/sq\/wp-json\/wp\/v2\/posts\/25600\/revisions\/25619"}],"wp:featuredmedia":[{"embeddable":true,"href":"https:\/\/oralhistorykosovo.org\/sq\/wp-json\/wp\/v2\/media\/25596"}],"wp:attachment":[{"href":"https:\/\/oralhistorykosovo.org\/sq\/wp-json\/wp\/v2\/media?parent=25600"}],"wp:term":[{"taxonomy":"category","embeddable":true,"href":"https:\/\/oralhistorykosovo.org\/sq\/wp-json\/wp\/v2\/categories?post=25600"},{"taxonomy":"post_tag","embeddable":true,"href":"https:\/\/oralhistorykosovo.org\/sq\/wp-json\/wp\/v2\/tags?post=25600"}],"curies":[{"name":"wp","href":"https:\/\/api.w.org\/{rel}","templated":true}]}}