{"id":2494,"date":"2013-07-08T10:45:33","date_gmt":"2013-07-08T10:45:33","guid":{"rendered":"http:\/\/oralhistorykosovo.org\/sq\/vehap-shita\/"},"modified":"2018-01-16T11:49:49","modified_gmt":"2018-01-16T11:49:49","slug":"vehap-shita","status":"publish","type":"post","link":"https:\/\/oralhistorykosovo.org\/sq\/vehap-shita\/","title":{"rendered":"Vehap Shita"},"content":{"rendered":"<p style=\"text-align: justify;\">Vehap Shita u lind n\u00eb Gjakov\u00eb vitin 1923. Ai \u00ebsht\u00eb kritik dhe shkrimtar, gazetar shum\u00ebvjecar dhe p\u00ebrkthyes i veprave letrare. Ishte redaktor i kultur\u00ebs n\u00eb t\u00eb p\u00ebrditsh\u00ebm &#8220;Rilindja&#8221;, pastaj n\u00eb &#8220;Jet\u00ebn e Re\u201d dhe n\u00eb gazet\u00ebn &#8220;Scena&#8221; t\u00eb Novi Sadit. Shita \u00ebsht\u00eb nj\u00ebri prej themeluesve t\u00eb Shoqat\u00ebs s\u00eb Shkrimtar\u00ebve t\u00eb Kosov\u00ebs n\u00eb vitin 1970 dhe i K\u00ebshillit p\u00ebr Mbrojtjen e t\u00eb Drejtave t\u00eb Njeriut. Ai ka qen\u00eb\u00a0kryetar i Shoqat\u00ebs s\u00eb Veteran\u00ebve t\u00eb Luft\u00ebs Antifashiste Nacional\u00e7lirimtare t\u00eb Kosov\u00ebs. Shita ka vdekur\u00a0me 8 n\u00ebntor, 2015.<\/p>\n","protected":false},"excerpt":{"rendered":"<p>Vehap Shita u lind n\u00eb Gjakov\u00eb vitin 1923. Ai \u00ebsht\u00eb kritik dhe shkrimtar, gazetar shum\u00ebvjecar dhe p\u00ebrkthyes i veprave letrare&#8230;.<\/p>\n","protected":false},"author":7,"featured_media":3747,"comment_status":"open","ping_status":"open","sticky":false,"template":"","format":"standard","meta":{"footnotes":""},"categories":[15,13,54,51],"tags":[],"class_list":["post-2494","post","type-post","status-publish","format-standard","has-post-thumbnail","hentry","category-hulumtime","category-intervistat","category-kosovo-artists-sq","category-the-second-world-war-sq-2","label-photo","label-transcript","label-video"],"_links":{"self":[{"href":"https:\/\/oralhistorykosovo.org\/sq\/wp-json\/wp\/v2\/posts\/2494","targetHints":{"allow":["GET"]}}],"collection":[{"href":"https:\/\/oralhistorykosovo.org\/sq\/wp-json\/wp\/v2\/posts"}],"about":[{"href":"https:\/\/oralhistorykosovo.org\/sq\/wp-json\/wp\/v2\/types\/post"}],"author":[{"embeddable":true,"href":"https:\/\/oralhistorykosovo.org\/sq\/wp-json\/wp\/v2\/users\/7"}],"replies":[{"embeddable":true,"href":"https:\/\/oralhistorykosovo.org\/sq\/wp-json\/wp\/v2\/comments?post=2494"}],"version-history":[{"count":28,"href":"https:\/\/oralhistorykosovo.org\/sq\/wp-json\/wp\/v2\/posts\/2494\/revisions"}],"predecessor-version":[{"id":12201,"href":"https:\/\/oralhistorykosovo.org\/sq\/wp-json\/wp\/v2\/posts\/2494\/revisions\/12201"}],"wp:featuredmedia":[{"embeddable":true,"href":"https:\/\/oralhistorykosovo.org\/sq\/wp-json\/wp\/v2\/media\/3747"}],"wp:attachment":[{"href":"https:\/\/oralhistorykosovo.org\/sq\/wp-json\/wp\/v2\/media?parent=2494"}],"wp:term":[{"taxonomy":"category","embeddable":true,"href":"https:\/\/oralhistorykosovo.org\/sq\/wp-json\/wp\/v2\/categories?post=2494"},{"taxonomy":"post_tag","embeddable":true,"href":"https:\/\/oralhistorykosovo.org\/sq\/wp-json\/wp\/v2\/tags?post=2494"}],"curies":[{"name":"wp","href":"https:\/\/api.w.org\/{rel}","templated":true}]}}